{"id":3929,"date":"2017-04-27T10:40:27","date_gmt":"2017-04-27T08:40:27","guid":{"rendered":"https:\/\/zelb.md\/2017\/04\/27\/oportunitatile-investitionale-al-zonei-economice-libere-balti-promovate-in-cadrul-forumului-de-afaceri-moldo-georgian\/"},"modified":"2017-04-27T10:40:27","modified_gmt":"2017-04-27T08:40:27","slug":"oportunitatile-investitionale-al-zonei-economice-libere-balti-promovate-in-cadrul-forumului-de-afaceri-moldo-georgian","status":"publish","type":"post","link":"https:\/\/zelb.md\/en\/2017\/04\/27\/oportunitatile-investitionale-al-zonei-economice-libere-balti-promovate-in-cadrul-forumului-de-afaceri-moldo-georgian\/","title":{"rendered":"Oportunit\u0103\u021bile investi\u021bionale al Zonei Economice Libere \u201dB\u0103l\u021bi\u201d promovate \u00een cadrul Forumului de Afaceri Moldo \u2013 Georgian"},"content":{"rendered":"<article>\n<p class=\"bodytext\" style=\"text-align: justify; line-height: 150%;\"><span lang=\"EN-US\" style=\"font-size: 13.0pt; line-height: 150%; font-family: 'Arial','sans-serif';\">Administra\u021bia Zonei Economice Libere \u201eB\u0103l\u021bi\u201d, a prezentat oportunit\u0103\u021bile \u0219i poten\u021bialul investi\u021bional a zonelor economice libere pentru companiile gerorgiene, dar \u0219i pentru alte asocia\u0163ii interna\u0163ionale de business prezente \u00een cadrul Forumului <\/span><span lang=\"EN-US\" style=\"font-size: 13.0pt; line-height: 150%; font-family: 'Arial','sans-serif';\">de Afaceri Moldo \u2013 Georgian<\/span><span lang=\"EN-US\" style=\"font-size: 13.0pt; line-height: 150%; font-family: 'Arial','sans-serif';\">, care s-a desf\u0103\u0219urat la <\/span><span lang=\"EN-US\" style=\"font-size: 13.0pt; line-height: 150%; font-family: 'Arial','sans-serif';\">Tbilisi<\/span><span lang=\"EN-US\" style=\"font-size: 13.0pt; line-height: 150%; font-family: 'Arial','sans-serif';\">, <\/span><span lang=\"EN-US\" style=\"font-size: 13.0pt; line-height: 150%; font-family: 'Arial','sans-serif';\">Georgia<\/span><span lang=\"EN-US\" style=\"font-size: 13.0pt; line-height: 150%; font-family: 'Arial','sans-serif';\"> \u00een perioada <\/span><span lang=\"EN-US\" style=\"font-size: 13.0pt; line-height: 150%; font-family: 'Arial','sans-serif';\">27-28 aprilie <\/span><span lang=\"EN-US\" style=\"font-size: 13.0pt; line-height: 150%; font-family: 'Arial','sans-serif';\">curent.<\/span><\/p>\n<p class=\"bodytext\" style=\"margin: 4.4pt 0cm; text-align: justify; line-height: 150%; background-image: initial; background-position: initial; background-size: initial; background-repeat: initial; background-attachment: initial; background-origin: initial; background-clip: initial;\"><span lang=\"EN-US\" style=\"font-size: 13.0pt; line-height: 150%; font-family: 'Arial','sans-serif';\">Evenimentul, organizat de c\u0103tre Organiza\u021bia de Atragere a Investi\u021biilor \u0219i Promovare a Exportului din Moldova (MIEPO) de comun cu Camera de Comer\u021b \u0219i Industrie a Republicii Moldova \u0219i Camera de Comer\u021b \u0219i Industrie a Georgiei. Forumul a fost organizat cu scopul <span style=\"background-image: initial; background-position: initial; background-size: initial; background-repeat: initial; background-attachment: initial; background-origin: initial; background-clip: initial;\">scop <\/span><i><span style=\"font-style: normal;\">oferirii<\/span><\/i><\/span>\u00a0<span style=\"font-family: Arial, sans-serif; font-size: 13pt;\">unei platforme de comunicare \u0219i interac\u021biune dintre mediul de afaceri din Republica Moldova \u0219i Georgia, pentru valorificarea rela\u021biilor commerciale \u0219i economice.<\/span><\/p>\n<p class=\"bodytext\" style=\"margin: 4.4pt 0cm; text-align: justify; line-height: 150%; background-image: initial; background-position: initial; background-size: initial; background-repeat: initial; background-attachment: initial; background-origin: initial; background-clip: initial;\">\n<p class=\"bodytext\" style=\"text-align: justify; line-height: 150%;\"><span lang=\"EN-US\" style=\"font-size: 13.0pt; line-height: 150%; font-family: 'Arial','sans-serif';\">Totodat\u0103, reprezentan\u021bii Camerei de Comer\u0163 <\/span><span lang=\"EN-US\" style=\"font-size: 13.0pt; line-height: 150%; font-family: 'Arial','sans-serif';\">\u0219i Industrie a Georgiei<\/span><span lang=\"EN-US\" style=\"font-size: 13.0pt; line-height: 150%; font-family: 'Arial','sans-serif';\"> au discutat privind posibilitatea stabilirii unor rela\u021bii de colaborare pe viitor.<\/span><\/p>\n<\/article>\n","protected":false},"excerpt":{"rendered":"<p>Administra\u021bia Zonei Economice Libere \u201eB\u0103l\u021bi\u201d, a prezentat oportunit\u0103\u021bile \u0219i poten\u021bialul investi\u021bional a zonelor economice libere pentru companiile gerorgiene, dar \u0219i pentru alte asocia\u0163ii interna\u0163ionale de business prezente \u00een cadrul Forumului de Afaceri Moldo \u2013 Georgian, care s-a desf\u0103\u0219urat la Tbilisi, Georgia \u00een perioada 27-28 aprilie curent. Evenimentul, organizat de c\u0103tre Organiza\u021bia de Atragere a Investi\u021biilor [&hellip;]<\/p>\n","protected":false},"author":8,"featured_media":0,"comment_status":"closed","ping_status":"open","sticky":false,"template":"","format":"standard","meta":{"footnotes":""},"categories":[75],"tags":[],"class_list":["post-3929","post","type-post","status-publish","format-standard","hentry","category-stiri-en"],"yoast_head":"<!-- This site is optimized with the Yoast SEO plugin v26.6 - https:\/\/yoast.com\/wordpress\/plugins\/seo\/ -->\n<title>Oportunit\u0103\u021bile investi\u021bionale al Zonei Economice Libere \u201dB\u0103l\u021bi\u201d promovate \u00een cadrul Forumului de Afaceri Moldo \u2013 Georgian - ZELB<\/title>\n<meta name=\"robots\" content=\"index, follow, max-snippet:-1, max-image-preview:large, max-video-preview:-1\" \/>\n<link rel=\"canonical\" href=\"https:\/\/zelb.md\/en\/2017\/04\/27\/oportunitatile-investitionale-al-zonei-economice-libere-balti-promovate-in-cadrul-forumului-de-afaceri-moldo-georgian\/\" \/>\n<meta property=\"og:locale\" content=\"en_US\" \/>\n<meta property=\"og:type\" content=\"article\" \/>\n<meta property=\"og:title\" content=\"Oportunit\u0103\u021bile investi\u021bionale al Zonei Economice Libere \u201dB\u0103l\u021bi\u201d promovate \u00een cadrul Forumului de Afaceri Moldo \u2013 Georgian - ZELB\" \/>\n<meta property=\"og:description\" content=\"Administra\u021bia Zonei Economice Libere \u201eB\u0103l\u021bi\u201d, a prezentat oportunit\u0103\u021bile \u0219i poten\u021bialul investi\u021bional a zonelor economice libere pentru companiile gerorgiene, dar \u0219i pentru alte asocia\u0163ii interna\u0163ionale de business prezente \u00een cadrul Forumului de Afaceri Moldo \u2013 Georgian, care s-a desf\u0103\u0219urat la Tbilisi, Georgia \u00een perioada 27-28 aprilie curent. Evenimentul, organizat de c\u0103tre Organiza\u021bia de Atragere a Investi\u021biilor [&hellip;]\" \/>\n<meta property=\"og:url\" content=\"https:\/\/zelb.md\/en\/2017\/04\/27\/oportunitatile-investitionale-al-zonei-economice-libere-balti-promovate-in-cadrul-forumului-de-afaceri-moldo-georgian\/\" \/>\n<meta property=\"og:site_name\" content=\"ZELB\" \/>\n<meta property=\"article:publisher\" content=\"https:\/\/www.facebook.com\/zelbalti\/\" \/>\n<meta property=\"article:published_time\" content=\"2017-04-27T08:40:27+00:00\" \/>\n<meta name=\"author\" content=\"info@zelb.md\" \/>\n<meta name=\"twitter:card\" content=\"summary_large_image\" \/>\n<meta name=\"twitter:label1\" content=\"Written by\" \/>\n\t<meta name=\"twitter:data1\" content=\"info@zelb.md\" \/>\n\t<meta name=\"twitter:label2\" content=\"Est. reading time\" \/>\n\t<meta name=\"twitter:data2\" content=\"1 minute\" \/>\n<script type=\"application\/ld+json\" class=\"yoast-schema-graph\">{\"@context\":\"https:\/\/schema.org\",\"@graph\":[{\"@type\":\"Article\",\"@id\":\"https:\/\/zelb.md\/en\/2017\/04\/27\/oportunitatile-investitionale-al-zonei-economice-libere-balti-promovate-in-cadrul-forumului-de-afaceri-moldo-georgian\/#article\",\"isPartOf\":{\"@id\":\"https:\/\/zelb.md\/en\/2017\/04\/27\/oportunitatile-investitionale-al-zonei-economice-libere-balti-promovate-in-cadrul-forumului-de-afaceri-moldo-georgian\/\"},\"author\":{\"name\":\"info@zelb.md\",\"@id\":\"https:\/\/zelb.md\/#\/schema\/person\/4abdc37546080d574698a0afc03129a4\"},\"headline\":\"Oportunit\u0103\u021bile investi\u021bionale al Zonei Economice Libere \u201dB\u0103l\u021bi\u201d promovate \u00een cadrul Forumului de Afaceri Moldo \u2013 Georgian\",\"datePublished\":\"2017-04-27T08:40:27+00:00\",\"mainEntityOfPage\":{\"@id\":\"https:\/\/zelb.md\/en\/2017\/04\/27\/oportunitatile-investitionale-al-zonei-economice-libere-balti-promovate-in-cadrul-forumului-de-afaceri-moldo-georgian\/\"},\"wordCount\":164,\"publisher\":{\"@id\":\"https:\/\/zelb.md\/#organization\"},\"articleSection\":[\"\u015etiri\"],\"inLanguage\":\"en-US\"},{\"@type\":\"WebPage\",\"@id\":\"https:\/\/zelb.md\/en\/2017\/04\/27\/oportunitatile-investitionale-al-zonei-economice-libere-balti-promovate-in-cadrul-forumului-de-afaceri-moldo-georgian\/\",\"url\":\"https:\/\/zelb.md\/en\/2017\/04\/27\/oportunitatile-investitionale-al-zonei-economice-libere-balti-promovate-in-cadrul-forumului-de-afaceri-moldo-georgian\/\",\"name\":\"Oportunit\u0103\u021bile investi\u021bionale al Zonei Economice Libere \u201dB\u0103l\u021bi\u201d promovate \u00een cadrul Forumului de Afaceri Moldo \u2013 Georgian - ZELB\",\"isPartOf\":{\"@id\":\"https:\/\/zelb.md\/#website\"},\"datePublished\":\"2017-04-27T08:40:27+00:00\",\"breadcrumb\":{\"@id\":\"https:\/\/zelb.md\/en\/2017\/04\/27\/oportunitatile-investitionale-al-zonei-economice-libere-balti-promovate-in-cadrul-forumului-de-afaceri-moldo-georgian\/#breadcrumb\"},\"inLanguage\":\"en-US\",\"potentialAction\":[{\"@type\":\"ReadAction\",\"target\":[\"https:\/\/zelb.md\/en\/2017\/04\/27\/oportunitatile-investitionale-al-zonei-economice-libere-balti-promovate-in-cadrul-forumului-de-afaceri-moldo-georgian\/\"]}]},{\"@type\":\"BreadcrumbList\",\"@id\":\"https:\/\/zelb.md\/en\/2017\/04\/27\/oportunitatile-investitionale-al-zonei-economice-libere-balti-promovate-in-cadrul-forumului-de-afaceri-moldo-georgian\/#breadcrumb\",\"itemListElement\":[{\"@type\":\"ListItem\",\"position\":1,\"name\":\"Prima pagin\u0103\",\"item\":\"https:\/\/zelb.md\/en\/\"},{\"@type\":\"ListItem\",\"position\":2,\"name\":\"Oportunit\u0103\u021bile investi\u021bionale al Zonei Economice Libere \u201dB\u0103l\u021bi\u201d promovate \u00een cadrul Forumului de Afaceri Moldo \u2013 Georgian\"}]},{\"@type\":\"WebSite\",\"@id\":\"https:\/\/zelb.md\/#website\",\"url\":\"https:\/\/zelb.md\/\",\"name\":\"ZELB\",\"description\":\"Zona Economic\u0103 Liber\u0103 B\u0103l\u0163i\",\"publisher\":{\"@id\":\"https:\/\/zelb.md\/#organization\"},\"potentialAction\":[{\"@type\":\"SearchAction\",\"target\":{\"@type\":\"EntryPoint\",\"urlTemplate\":\"https:\/\/zelb.md\/?s={search_term_string}\"},\"query-input\":{\"@type\":\"PropertyValueSpecification\",\"valueRequired\":true,\"valueName\":\"search_term_string\"}}],\"inLanguage\":\"en-US\"},{\"@type\":\"Organization\",\"@id\":\"https:\/\/zelb.md\/#organization\",\"name\":\"ZELB\",\"url\":\"https:\/\/zelb.md\/\",\"logo\":{\"@type\":\"ImageObject\",\"inLanguage\":\"en-US\",\"@id\":\"https:\/\/zelb.md\/#\/schema\/logo\/image\/\",\"url\":\"https:\/\/zelb.md\/wp-content\/uploads\/2018\/06\/zelb-logo-8-ani.png\",\"contentUrl\":\"https:\/\/zelb.md\/wp-content\/uploads\/2018\/06\/zelb-logo-8-ani.png\",\"width\":255,\"height\":105,\"caption\":\"ZELB\"},\"image\":{\"@id\":\"https:\/\/zelb.md\/#\/schema\/logo\/image\/\"},\"sameAs\":[\"https:\/\/www.facebook.com\/zelbalti\/\"]},{\"@type\":\"Person\",\"@id\":\"https:\/\/zelb.md\/#\/schema\/person\/4abdc37546080d574698a0afc03129a4\",\"name\":\"info@zelb.md\",\"image\":{\"@type\":\"ImageObject\",\"inLanguage\":\"en-US\",\"@id\":\"https:\/\/zelb.md\/#\/schema\/person\/image\/\",\"url\":\"https:\/\/secure.gravatar.com\/avatar\/2193cf92b2c4f6991fa6e47baea91bfc?s=96&d=mm&r=g\",\"contentUrl\":\"https:\/\/secure.gravatar.com\/avatar\/2193cf92b2c4f6991fa6e47baea91bfc?s=96&d=mm&r=g\",\"caption\":\"info@zelb.md\"},\"url\":\"https:\/\/zelb.md\/en\/author\/infozelb-md\/\"}]}<\/script>\n<!-- \/ Yoast SEO plugin. -->","yoast_head_json":{"title":"Oportunit\u0103\u021bile investi\u021bionale al Zonei Economice Libere \u201dB\u0103l\u021bi\u201d promovate \u00een cadrul Forumului de Afaceri Moldo \u2013 Georgian - ZELB","robots":{"index":"index","follow":"follow","max-snippet":"max-snippet:-1","max-image-preview":"max-image-preview:large","max-video-preview":"max-video-preview:-1"},"canonical":"https:\/\/zelb.md\/en\/2017\/04\/27\/oportunitatile-investitionale-al-zonei-economice-libere-balti-promovate-in-cadrul-forumului-de-afaceri-moldo-georgian\/","og_locale":"en_US","og_type":"article","og_title":"Oportunit\u0103\u021bile investi\u021bionale al Zonei Economice Libere \u201dB\u0103l\u021bi\u201d promovate \u00een cadrul Forumului de Afaceri Moldo \u2013 Georgian - ZELB","og_description":"Administra\u021bia Zonei Economice Libere \u201eB\u0103l\u021bi\u201d, a prezentat oportunit\u0103\u021bile \u0219i poten\u021bialul investi\u021bional a zonelor economice libere pentru companiile gerorgiene, dar \u0219i pentru alte asocia\u0163ii interna\u0163ionale de business prezente \u00een cadrul Forumului de Afaceri Moldo \u2013 Georgian, care s-a desf\u0103\u0219urat la Tbilisi, Georgia \u00een perioada 27-28 aprilie curent. Evenimentul, organizat de c\u0103tre Organiza\u021bia de Atragere a Investi\u021biilor [&hellip;]","og_url":"https:\/\/zelb.md\/en\/2017\/04\/27\/oportunitatile-investitionale-al-zonei-economice-libere-balti-promovate-in-cadrul-forumului-de-afaceri-moldo-georgian\/","og_site_name":"ZELB","article_publisher":"https:\/\/www.facebook.com\/zelbalti\/","article_published_time":"2017-04-27T08:40:27+00:00","author":"info@zelb.md","twitter_card":"summary_large_image","twitter_misc":{"Written by":"info@zelb.md","Est. reading time":"1 minute"},"schema":{"@context":"https:\/\/schema.org","@graph":[{"@type":"Article","@id":"https:\/\/zelb.md\/en\/2017\/04\/27\/oportunitatile-investitionale-al-zonei-economice-libere-balti-promovate-in-cadrul-forumului-de-afaceri-moldo-georgian\/#article","isPartOf":{"@id":"https:\/\/zelb.md\/en\/2017\/04\/27\/oportunitatile-investitionale-al-zonei-economice-libere-balti-promovate-in-cadrul-forumului-de-afaceri-moldo-georgian\/"},"author":{"name":"info@zelb.md","@id":"https:\/\/zelb.md\/#\/schema\/person\/4abdc37546080d574698a0afc03129a4"},"headline":"Oportunit\u0103\u021bile investi\u021bionale al Zonei Economice Libere \u201dB\u0103l\u021bi\u201d promovate \u00een cadrul Forumului de Afaceri Moldo \u2013 Georgian","datePublished":"2017-04-27T08:40:27+00:00","mainEntityOfPage":{"@id":"https:\/\/zelb.md\/en\/2017\/04\/27\/oportunitatile-investitionale-al-zonei-economice-libere-balti-promovate-in-cadrul-forumului-de-afaceri-moldo-georgian\/"},"wordCount":164,"publisher":{"@id":"https:\/\/zelb.md\/#organization"},"articleSection":["\u015etiri"],"inLanguage":"en-US"},{"@type":"WebPage","@id":"https:\/\/zelb.md\/en\/2017\/04\/27\/oportunitatile-investitionale-al-zonei-economice-libere-balti-promovate-in-cadrul-forumului-de-afaceri-moldo-georgian\/","url":"https:\/\/zelb.md\/en\/2017\/04\/27\/oportunitatile-investitionale-al-zonei-economice-libere-balti-promovate-in-cadrul-forumului-de-afaceri-moldo-georgian\/","name":"Oportunit\u0103\u021bile investi\u021bionale al Zonei Economice Libere \u201dB\u0103l\u021bi\u201d promovate \u00een cadrul Forumului de Afaceri Moldo \u2013 Georgian - ZELB","isPartOf":{"@id":"https:\/\/zelb.md\/#website"},"datePublished":"2017-04-27T08:40:27+00:00","breadcrumb":{"@id":"https:\/\/zelb.md\/en\/2017\/04\/27\/oportunitatile-investitionale-al-zonei-economice-libere-balti-promovate-in-cadrul-forumului-de-afaceri-moldo-georgian\/#breadcrumb"},"inLanguage":"en-US","potentialAction":[{"@type":"ReadAction","target":["https:\/\/zelb.md\/en\/2017\/04\/27\/oportunitatile-investitionale-al-zonei-economice-libere-balti-promovate-in-cadrul-forumului-de-afaceri-moldo-georgian\/"]}]},{"@type":"BreadcrumbList","@id":"https:\/\/zelb.md\/en\/2017\/04\/27\/oportunitatile-investitionale-al-zonei-economice-libere-balti-promovate-in-cadrul-forumului-de-afaceri-moldo-georgian\/#breadcrumb","itemListElement":[{"@type":"ListItem","position":1,"name":"Prima pagin\u0103","item":"https:\/\/zelb.md\/en\/"},{"@type":"ListItem","position":2,"name":"Oportunit\u0103\u021bile investi\u021bionale al Zonei Economice Libere \u201dB\u0103l\u021bi\u201d promovate \u00een cadrul Forumului de Afaceri Moldo \u2013 Georgian"}]},{"@type":"WebSite","@id":"https:\/\/zelb.md\/#website","url":"https:\/\/zelb.md\/","name":"ZELB","description":"Zona Economic\u0103 Liber\u0103 B\u0103l\u0163i","publisher":{"@id":"https:\/\/zelb.md\/#organization"},"potentialAction":[{"@type":"SearchAction","target":{"@type":"EntryPoint","urlTemplate":"https:\/\/zelb.md\/?s={search_term_string}"},"query-input":{"@type":"PropertyValueSpecification","valueRequired":true,"valueName":"search_term_string"}}],"inLanguage":"en-US"},{"@type":"Organization","@id":"https:\/\/zelb.md\/#organization","name":"ZELB","url":"https:\/\/zelb.md\/","logo":{"@type":"ImageObject","inLanguage":"en-US","@id":"https:\/\/zelb.md\/#\/schema\/logo\/image\/","url":"https:\/\/zelb.md\/wp-content\/uploads\/2018\/06\/zelb-logo-8-ani.png","contentUrl":"https:\/\/zelb.md\/wp-content\/uploads\/2018\/06\/zelb-logo-8-ani.png","width":255,"height":105,"caption":"ZELB"},"image":{"@id":"https:\/\/zelb.md\/#\/schema\/logo\/image\/"},"sameAs":["https:\/\/www.facebook.com\/zelbalti\/"]},{"@type":"Person","@id":"https:\/\/zelb.md\/#\/schema\/person\/4abdc37546080d574698a0afc03129a4","name":"info@zelb.md","image":{"@type":"ImageObject","inLanguage":"en-US","@id":"https:\/\/zelb.md\/#\/schema\/person\/image\/","url":"https:\/\/secure.gravatar.com\/avatar\/2193cf92b2c4f6991fa6e47baea91bfc?s=96&d=mm&r=g","contentUrl":"https:\/\/secure.gravatar.com\/avatar\/2193cf92b2c4f6991fa6e47baea91bfc?s=96&d=mm&r=g","caption":"info@zelb.md"},"url":"https:\/\/zelb.md\/en\/author\/infozelb-md\/"}]}},"_links":{"self":[{"href":"https:\/\/zelb.md\/en\/wp-json\/wp\/v2\/posts\/3929","targetHints":{"allow":["GET"]}}],"collection":[{"href":"https:\/\/zelb.md\/en\/wp-json\/wp\/v2\/posts"}],"about":[{"href":"https:\/\/zelb.md\/en\/wp-json\/wp\/v2\/types\/post"}],"author":[{"embeddable":true,"href":"https:\/\/zelb.md\/en\/wp-json\/wp\/v2\/users\/8"}],"replies":[{"embeddable":true,"href":"https:\/\/zelb.md\/en\/wp-json\/wp\/v2\/comments?post=3929"}],"version-history":[{"count":0,"href":"https:\/\/zelb.md\/en\/wp-json\/wp\/v2\/posts\/3929\/revisions"}],"wp:attachment":[{"href":"https:\/\/zelb.md\/en\/wp-json\/wp\/v2\/media?parent=3929"}],"wp:term":[{"taxonomy":"category","embeddable":true,"href":"https:\/\/zelb.md\/en\/wp-json\/wp\/v2\/categories?post=3929"},{"taxonomy":"post_tag","embeddable":true,"href":"https:\/\/zelb.md\/en\/wp-json\/wp\/v2\/tags?post=3929"}],"curies":[{"name":"wp","href":"https:\/\/api.w.org\/{rel}","templated":true}]}}