{"id":3927,"date":"2017-05-10T09:23:06","date_gmt":"2017-05-10T07:23:06","guid":{"rendered":"https:\/\/zelb.md\/2017\/05\/10\/forumul-de-afaceri-moldo-ceh-oportunitate-de-dezvoltare-a-climatului-investitional\/"},"modified":"2017-05-10T09:23:06","modified_gmt":"2017-05-10T07:23:06","slug":"forumul-de-afaceri-moldo-ceh-oportunitate-de-dezvoltare-a-climatului-investitional","status":"publish","type":"post","link":"https:\/\/zelb.md\/en\/2017\/05\/10\/forumul-de-afaceri-moldo-ceh-oportunitate-de-dezvoltare-a-climatului-investitional\/","title":{"rendered":"Forumul de afaceri moldo-ceh &#8211; oportunitate de dezvoltare a climatului investi\u021bional"},"content":{"rendered":"<article>\n<article>\n<p class=\"bodytext\" style=\"text-align: justify;\"><span lang=\"EN-US\">Ast\u0103zi, 9 mai curent, la Praga , s-a desf\u0103\u0219urat \u00a0forul de afaceri bilateral Moldo-Ceh, \u00een cadrul c\u0103reia au participat peste 80 de antreprenori din ambele \u021b\u0103ri. Prezent\u0103 la eveniment<i>, administra\u021bia Zonei Economice Libere \u201eB\u0103l\u021bi\u201d<\/i>, a relatat, \u00een cadrul \u00eent\u00eelnirilor B2B, oportunit\u0103\u021bile investi\u021bionale\u00a0 oferite de economia autohton\u0103\u00a0 precum \u0219i istoriile de succes a \u00eentreprinderilor str\u0103ine \u2013 rezidente \u00een Zona Economic\u0103 Liber\u0103 \u201eB\u0103l\u021bi\u201d. \u00cen context, s-au discutat avantajele oferite de\u00a0 ZEL-uri, parcuri industriale, precum \u0219i reformele pro-business\u00a0 \u00een vederea \u00a0stabiliz\u0103rii economiei na\u021bionale \u0219i atragerii investi\u021biilor str\u0103ine.\u00a0<\/span><\/p>\n<\/article>\n<\/article>\n<article>\n<article>\n<p class=\"bodytext\"><span lang=\"EN-US\">\u0218eful Executivului de la Chi\u0219in\u0103u, \u00a0s-a ar\u0103tat convins c\u0103 Forumul de afaceri\u00a0<\/span>\u00a0moldo-ceh va asigura trecerea de la contacte la contracte concrete: \u201eVom depune toate eforturile pentru a asigura un nivel \u00eenalt de colaborare dintre statele noastre, prin comunicare \u0219i o interac\u021biune regulat\u0103, \u00een avantajul cercurilor de afaceri din Moldova \u0219i Cehia\u201d, a spus prim-ministrul Pavel Filip, participant \u0219i el la eveniment.<\/p>\n<\/article>\n<\/article>\n<article>\n<article>\n<p class=\"bodytext\"><span lang=\"EN-US\">Premierul Cehiei, Bohuslav Sobotka, a remarcat, la r\u00e2ndul s\u0103u, ascensiunea rela\u0163iilor moldo-cehe at\u00e2t la nivel guvernamental, c\u00e2t \u015fi la nivel economic: \u201eRepublica Moldova este o \u0163ar\u0103 care dore\u015fte s\u0103 modernizeze economia \u015fi infrastructura, iar noi suntem deschi\u015fi pentru schimb de experien\u0163\u0103, dar \u015fi asisten\u0163\u0103 tehnic\u0103 exprimat\u0103 prin proiecte concrete\u201d.<\/span><\/p>\n<\/article>\n<\/article>\n<article>\n<p class=\"bodytext\" style=\"text-align: justify;\"><span lang=\"EN-US\">La final, p\u0103r\u021bile au semnat un Memorandum de \u00cen\u0163elegere cu privire la colaborarea \u00een domeniul eficien\u0163ei energetice \u015fi alte sectoare conexe.<\/span><\/p>\n<\/article>\n","protected":false},"excerpt":{"rendered":"<p>Ast\u0103zi, 9 mai curent, la Praga , s-a desf\u0103\u0219urat \u00a0forul de afaceri bilateral Moldo-Ceh, \u00een cadrul c\u0103reia au participat peste 80 de antreprenori din ambele \u021b\u0103ri. Prezent\u0103 la eveniment, administra\u021bia Zonei Economice Libere \u201eB\u0103l\u021bi\u201d, a relatat, \u00een cadrul \u00eent\u00eelnirilor B2B, oportunit\u0103\u021bile investi\u021bionale\u00a0 oferite de economia autohton\u0103\u00a0 precum \u0219i istoriile de succes a \u00eentreprinderilor str\u0103ine \u2013 [&hellip;]<\/p>\n","protected":false},"author":8,"featured_media":0,"comment_status":"closed","ping_status":"open","sticky":false,"template":"","format":"standard","meta":{"footnotes":""},"categories":[75],"tags":[],"class_list":["post-3927","post","type-post","status-publish","format-standard","hentry","category-stiri-en"],"yoast_head":"<!-- This site is optimized with the Yoast SEO plugin v26.6 - https:\/\/yoast.com\/wordpress\/plugins\/seo\/ -->\n<title>Forumul de afaceri moldo-ceh - oportunitate de dezvoltare a climatului investi\u021bional - ZELB<\/title>\n<meta name=\"robots\" content=\"index, follow, max-snippet:-1, max-image-preview:large, max-video-preview:-1\" \/>\n<link rel=\"canonical\" href=\"https:\/\/zelb.md\/en\/2017\/05\/10\/forumul-de-afaceri-moldo-ceh-oportunitate-de-dezvoltare-a-climatului-investitional\/\" \/>\n<meta property=\"og:locale\" content=\"en_US\" \/>\n<meta property=\"og:type\" content=\"article\" \/>\n<meta property=\"og:title\" content=\"Forumul de afaceri moldo-ceh - oportunitate de dezvoltare a climatului investi\u021bional - ZELB\" \/>\n<meta property=\"og:description\" content=\"Ast\u0103zi, 9 mai curent, la Praga , s-a desf\u0103\u0219urat \u00a0forul de afaceri bilateral Moldo-Ceh, \u00een cadrul c\u0103reia au participat peste 80 de antreprenori din ambele \u021b\u0103ri. Prezent\u0103 la eveniment, administra\u021bia Zonei Economice Libere \u201eB\u0103l\u021bi\u201d, a relatat, \u00een cadrul \u00eent\u00eelnirilor B2B, oportunit\u0103\u021bile investi\u021bionale\u00a0 oferite de economia autohton\u0103\u00a0 precum \u0219i istoriile de succes a \u00eentreprinderilor str\u0103ine \u2013 [&hellip;]\" \/>\n<meta property=\"og:url\" content=\"https:\/\/zelb.md\/en\/2017\/05\/10\/forumul-de-afaceri-moldo-ceh-oportunitate-de-dezvoltare-a-climatului-investitional\/\" \/>\n<meta property=\"og:site_name\" content=\"ZELB\" \/>\n<meta property=\"article:publisher\" content=\"https:\/\/www.facebook.com\/zelbalti\/\" \/>\n<meta property=\"article:published_time\" content=\"2017-05-10T07:23:06+00:00\" \/>\n<meta name=\"author\" content=\"info@zelb.md\" \/>\n<meta name=\"twitter:card\" content=\"summary_large_image\" \/>\n<meta name=\"twitter:label1\" content=\"Written by\" \/>\n\t<meta name=\"twitter:data1\" content=\"info@zelb.md\" \/>\n\t<meta name=\"twitter:label2\" content=\"Est. reading time\" \/>\n\t<meta name=\"twitter:data2\" content=\"1 minute\" \/>\n<script type=\"application\/ld+json\" class=\"yoast-schema-graph\">{\"@context\":\"https:\/\/schema.org\",\"@graph\":[{\"@type\":\"Article\",\"@id\":\"https:\/\/zelb.md\/en\/2017\/05\/10\/forumul-de-afaceri-moldo-ceh-oportunitate-de-dezvoltare-a-climatului-investitional\/#article\",\"isPartOf\":{\"@id\":\"https:\/\/zelb.md\/en\/2017\/05\/10\/forumul-de-afaceri-moldo-ceh-oportunitate-de-dezvoltare-a-climatului-investitional\/\"},\"author\":{\"name\":\"info@zelb.md\",\"@id\":\"https:\/\/zelb.md\/#\/schema\/person\/4abdc37546080d574698a0afc03129a4\"},\"headline\":\"Forumul de afaceri moldo-ceh &#8211; oportunitate de dezvoltare a climatului investi\u021bional\",\"datePublished\":\"2017-05-10T07:23:06+00:00\",\"mainEntityOfPage\":{\"@id\":\"https:\/\/zelb.md\/en\/2017\/05\/10\/forumul-de-afaceri-moldo-ceh-oportunitate-de-dezvoltare-a-climatului-investitional\/\"},\"wordCount\":256,\"publisher\":{\"@id\":\"https:\/\/zelb.md\/#organization\"},\"articleSection\":[\"\u015etiri\"],\"inLanguage\":\"en-US\"},{\"@type\":\"WebPage\",\"@id\":\"https:\/\/zelb.md\/en\/2017\/05\/10\/forumul-de-afaceri-moldo-ceh-oportunitate-de-dezvoltare-a-climatului-investitional\/\",\"url\":\"https:\/\/zelb.md\/en\/2017\/05\/10\/forumul-de-afaceri-moldo-ceh-oportunitate-de-dezvoltare-a-climatului-investitional\/\",\"name\":\"Forumul de afaceri moldo-ceh - oportunitate de dezvoltare a climatului investi\u021bional - ZELB\",\"isPartOf\":{\"@id\":\"https:\/\/zelb.md\/#website\"},\"datePublished\":\"2017-05-10T07:23:06+00:00\",\"breadcrumb\":{\"@id\":\"https:\/\/zelb.md\/en\/2017\/05\/10\/forumul-de-afaceri-moldo-ceh-oportunitate-de-dezvoltare-a-climatului-investitional\/#breadcrumb\"},\"inLanguage\":\"en-US\",\"potentialAction\":[{\"@type\":\"ReadAction\",\"target\":[\"https:\/\/zelb.md\/en\/2017\/05\/10\/forumul-de-afaceri-moldo-ceh-oportunitate-de-dezvoltare-a-climatului-investitional\/\"]}]},{\"@type\":\"BreadcrumbList\",\"@id\":\"https:\/\/zelb.md\/en\/2017\/05\/10\/forumul-de-afaceri-moldo-ceh-oportunitate-de-dezvoltare-a-climatului-investitional\/#breadcrumb\",\"itemListElement\":[{\"@type\":\"ListItem\",\"position\":1,\"name\":\"Prima pagin\u0103\",\"item\":\"https:\/\/zelb.md\/en\/\"},{\"@type\":\"ListItem\",\"position\":2,\"name\":\"Forumul de afaceri moldo-ceh &#8211; oportunitate de dezvoltare a climatului investi\u021bional\"}]},{\"@type\":\"WebSite\",\"@id\":\"https:\/\/zelb.md\/#website\",\"url\":\"https:\/\/zelb.md\/\",\"name\":\"ZELB\",\"description\":\"Zona Economic\u0103 Liber\u0103 B\u0103l\u0163i\",\"publisher\":{\"@id\":\"https:\/\/zelb.md\/#organization\"},\"potentialAction\":[{\"@type\":\"SearchAction\",\"target\":{\"@type\":\"EntryPoint\",\"urlTemplate\":\"https:\/\/zelb.md\/?s={search_term_string}\"},\"query-input\":{\"@type\":\"PropertyValueSpecification\",\"valueRequired\":true,\"valueName\":\"search_term_string\"}}],\"inLanguage\":\"en-US\"},{\"@type\":\"Organization\",\"@id\":\"https:\/\/zelb.md\/#organization\",\"name\":\"ZELB\",\"url\":\"https:\/\/zelb.md\/\",\"logo\":{\"@type\":\"ImageObject\",\"inLanguage\":\"en-US\",\"@id\":\"https:\/\/zelb.md\/#\/schema\/logo\/image\/\",\"url\":\"https:\/\/zelb.md\/wp-content\/uploads\/2018\/06\/zelb-logo-8-ani.png\",\"contentUrl\":\"https:\/\/zelb.md\/wp-content\/uploads\/2018\/06\/zelb-logo-8-ani.png\",\"width\":255,\"height\":105,\"caption\":\"ZELB\"},\"image\":{\"@id\":\"https:\/\/zelb.md\/#\/schema\/logo\/image\/\"},\"sameAs\":[\"https:\/\/www.facebook.com\/zelbalti\/\"]},{\"@type\":\"Person\",\"@id\":\"https:\/\/zelb.md\/#\/schema\/person\/4abdc37546080d574698a0afc03129a4\",\"name\":\"info@zelb.md\",\"image\":{\"@type\":\"ImageObject\",\"inLanguage\":\"en-US\",\"@id\":\"https:\/\/zelb.md\/#\/schema\/person\/image\/\",\"url\":\"https:\/\/secure.gravatar.com\/avatar\/2193cf92b2c4f6991fa6e47baea91bfc?s=96&d=mm&r=g\",\"contentUrl\":\"https:\/\/secure.gravatar.com\/avatar\/2193cf92b2c4f6991fa6e47baea91bfc?s=96&d=mm&r=g\",\"caption\":\"info@zelb.md\"},\"url\":\"https:\/\/zelb.md\/en\/author\/infozelb-md\/\"}]}<\/script>\n<!-- \/ Yoast SEO plugin. -->","yoast_head_json":{"title":"Forumul de afaceri moldo-ceh - oportunitate de dezvoltare a climatului investi\u021bional - ZELB","robots":{"index":"index","follow":"follow","max-snippet":"max-snippet:-1","max-image-preview":"max-image-preview:large","max-video-preview":"max-video-preview:-1"},"canonical":"https:\/\/zelb.md\/en\/2017\/05\/10\/forumul-de-afaceri-moldo-ceh-oportunitate-de-dezvoltare-a-climatului-investitional\/","og_locale":"en_US","og_type":"article","og_title":"Forumul de afaceri moldo-ceh - oportunitate de dezvoltare a climatului investi\u021bional - ZELB","og_description":"Ast\u0103zi, 9 mai curent, la Praga , s-a desf\u0103\u0219urat \u00a0forul de afaceri bilateral Moldo-Ceh, \u00een cadrul c\u0103reia au participat peste 80 de antreprenori din ambele \u021b\u0103ri. Prezent\u0103 la eveniment, administra\u021bia Zonei Economice Libere \u201eB\u0103l\u021bi\u201d, a relatat, \u00een cadrul \u00eent\u00eelnirilor B2B, oportunit\u0103\u021bile investi\u021bionale\u00a0 oferite de economia autohton\u0103\u00a0 precum \u0219i istoriile de succes a \u00eentreprinderilor str\u0103ine \u2013 [&hellip;]","og_url":"https:\/\/zelb.md\/en\/2017\/05\/10\/forumul-de-afaceri-moldo-ceh-oportunitate-de-dezvoltare-a-climatului-investitional\/","og_site_name":"ZELB","article_publisher":"https:\/\/www.facebook.com\/zelbalti\/","article_published_time":"2017-05-10T07:23:06+00:00","author":"info@zelb.md","twitter_card":"summary_large_image","twitter_misc":{"Written by":"info@zelb.md","Est. reading time":"1 minute"},"schema":{"@context":"https:\/\/schema.org","@graph":[{"@type":"Article","@id":"https:\/\/zelb.md\/en\/2017\/05\/10\/forumul-de-afaceri-moldo-ceh-oportunitate-de-dezvoltare-a-climatului-investitional\/#article","isPartOf":{"@id":"https:\/\/zelb.md\/en\/2017\/05\/10\/forumul-de-afaceri-moldo-ceh-oportunitate-de-dezvoltare-a-climatului-investitional\/"},"author":{"name":"info@zelb.md","@id":"https:\/\/zelb.md\/#\/schema\/person\/4abdc37546080d574698a0afc03129a4"},"headline":"Forumul de afaceri moldo-ceh &#8211; oportunitate de dezvoltare a climatului investi\u021bional","datePublished":"2017-05-10T07:23:06+00:00","mainEntityOfPage":{"@id":"https:\/\/zelb.md\/en\/2017\/05\/10\/forumul-de-afaceri-moldo-ceh-oportunitate-de-dezvoltare-a-climatului-investitional\/"},"wordCount":256,"publisher":{"@id":"https:\/\/zelb.md\/#organization"},"articleSection":["\u015etiri"],"inLanguage":"en-US"},{"@type":"WebPage","@id":"https:\/\/zelb.md\/en\/2017\/05\/10\/forumul-de-afaceri-moldo-ceh-oportunitate-de-dezvoltare-a-climatului-investitional\/","url":"https:\/\/zelb.md\/en\/2017\/05\/10\/forumul-de-afaceri-moldo-ceh-oportunitate-de-dezvoltare-a-climatului-investitional\/","name":"Forumul de afaceri moldo-ceh - oportunitate de dezvoltare a climatului investi\u021bional - ZELB","isPartOf":{"@id":"https:\/\/zelb.md\/#website"},"datePublished":"2017-05-10T07:23:06+00:00","breadcrumb":{"@id":"https:\/\/zelb.md\/en\/2017\/05\/10\/forumul-de-afaceri-moldo-ceh-oportunitate-de-dezvoltare-a-climatului-investitional\/#breadcrumb"},"inLanguage":"en-US","potentialAction":[{"@type":"ReadAction","target":["https:\/\/zelb.md\/en\/2017\/05\/10\/forumul-de-afaceri-moldo-ceh-oportunitate-de-dezvoltare-a-climatului-investitional\/"]}]},{"@type":"BreadcrumbList","@id":"https:\/\/zelb.md\/en\/2017\/05\/10\/forumul-de-afaceri-moldo-ceh-oportunitate-de-dezvoltare-a-climatului-investitional\/#breadcrumb","itemListElement":[{"@type":"ListItem","position":1,"name":"Prima pagin\u0103","item":"https:\/\/zelb.md\/en\/"},{"@type":"ListItem","position":2,"name":"Forumul de afaceri moldo-ceh &#8211; oportunitate de dezvoltare a climatului investi\u021bional"}]},{"@type":"WebSite","@id":"https:\/\/zelb.md\/#website","url":"https:\/\/zelb.md\/","name":"ZELB","description":"Zona Economic\u0103 Liber\u0103 B\u0103l\u0163i","publisher":{"@id":"https:\/\/zelb.md\/#organization"},"potentialAction":[{"@type":"SearchAction","target":{"@type":"EntryPoint","urlTemplate":"https:\/\/zelb.md\/?s={search_term_string}"},"query-input":{"@type":"PropertyValueSpecification","valueRequired":true,"valueName":"search_term_string"}}],"inLanguage":"en-US"},{"@type":"Organization","@id":"https:\/\/zelb.md\/#organization","name":"ZELB","url":"https:\/\/zelb.md\/","logo":{"@type":"ImageObject","inLanguage":"en-US","@id":"https:\/\/zelb.md\/#\/schema\/logo\/image\/","url":"https:\/\/zelb.md\/wp-content\/uploads\/2018\/06\/zelb-logo-8-ani.png","contentUrl":"https:\/\/zelb.md\/wp-content\/uploads\/2018\/06\/zelb-logo-8-ani.png","width":255,"height":105,"caption":"ZELB"},"image":{"@id":"https:\/\/zelb.md\/#\/schema\/logo\/image\/"},"sameAs":["https:\/\/www.facebook.com\/zelbalti\/"]},{"@type":"Person","@id":"https:\/\/zelb.md\/#\/schema\/person\/4abdc37546080d574698a0afc03129a4","name":"info@zelb.md","image":{"@type":"ImageObject","inLanguage":"en-US","@id":"https:\/\/zelb.md\/#\/schema\/person\/image\/","url":"https:\/\/secure.gravatar.com\/avatar\/2193cf92b2c4f6991fa6e47baea91bfc?s=96&d=mm&r=g","contentUrl":"https:\/\/secure.gravatar.com\/avatar\/2193cf92b2c4f6991fa6e47baea91bfc?s=96&d=mm&r=g","caption":"info@zelb.md"},"url":"https:\/\/zelb.md\/en\/author\/infozelb-md\/"}]}},"_links":{"self":[{"href":"https:\/\/zelb.md\/en\/wp-json\/wp\/v2\/posts\/3927","targetHints":{"allow":["GET"]}}],"collection":[{"href":"https:\/\/zelb.md\/en\/wp-json\/wp\/v2\/posts"}],"about":[{"href":"https:\/\/zelb.md\/en\/wp-json\/wp\/v2\/types\/post"}],"author":[{"embeddable":true,"href":"https:\/\/zelb.md\/en\/wp-json\/wp\/v2\/users\/8"}],"replies":[{"embeddable":true,"href":"https:\/\/zelb.md\/en\/wp-json\/wp\/v2\/comments?post=3927"}],"version-history":[{"count":0,"href":"https:\/\/zelb.md\/en\/wp-json\/wp\/v2\/posts\/3927\/revisions"}],"wp:attachment":[{"href":"https:\/\/zelb.md\/en\/wp-json\/wp\/v2\/media?parent=3927"}],"wp:term":[{"taxonomy":"category","embeddable":true,"href":"https:\/\/zelb.md\/en\/wp-json\/wp\/v2\/categories?post=3927"},{"taxonomy":"post_tag","embeddable":true,"href":"https:\/\/zelb.md\/en\/wp-json\/wp\/v2\/tags?post=3927"}],"curies":[{"name":"wp","href":"https:\/\/api.w.org\/{rel}","templated":true}]}}