{"id":3914,"date":"2017-09-23T09:47:20","date_gmt":"2017-09-23T07:47:20","guid":{"rendered":"https:\/\/zelb.md\/2017\/09\/23\/germania-va-sustine-crearea-colegiului-de-inginerie-care-va-pregati-cadre-calificate-pentru-economia-nationala\/"},"modified":"2017-09-23T09:47:20","modified_gmt":"2017-09-23T07:47:20","slug":"germania-va-sustine-crearea-colegiului-de-inginerie-care-va-pregati-cadre-calificate-pentru-economia-nationala","status":"publish","type":"post","link":"https:\/\/zelb.md\/en\/2017\/09\/23\/germania-va-sustine-crearea-colegiului-de-inginerie-care-va-pregati-cadre-calificate-pentru-economia-nationala\/","title":{"rendered":"Germania va sus\u021bine crearea Colegiului de Inginerie, care va preg\u0103ti cadre calificate pentru economia na\u021bional\u0103."},"content":{"rendered":"<p style=\"text-align: justify;\"><img loading=\"lazy\" decoding=\"async\" class=\"size-medium wp-image-855 alignnone\" src=\"http:\/\/zelb.md\/wp-content\/uploads\/2018\/07\/csm_img_2459_1_39f983a7fa-300x155.jpg\" alt=\"\" width=\"300\" height=\"155\" \/><img loading=\"lazy\" decoding=\"async\" class=\"size-medium wp-image-854 alignnone\" src=\"http:\/\/zelb.md\/wp-content\/uploads\/2018\/07\/csm_img_2460_1_9fb62de166-300x244.jpg\" alt=\"\" width=\"300\" height=\"244\" \/><\/p>\n<p style=\"text-align: justify;\">22 septembrie, Chi\u0219in\u0103u \u2013 Guvernul Germaniei va sus\u021bine eforturile autorit\u0103\u021bilor de la Chi\u0219in\u0103u privind crearea Colegiului de Inginerie, care va preg\u0103ti cadre calificate pentru companiile care activeaz\u0103 \u00een Republica Moldova, \u00een special cele cu capital german. O declara\u021bie \u00een acest sens a fost f\u0103cut\u0103 ast\u0103zi de noul ambasador al Germaniei \u00een Republica Moldova, Julia Monar, \u00een cadrul \u00eentrevederii cu viceprim-ministrul, Octavian Calm\u00eec, ministru al Economiei \u0219i Infrastructurii.<\/p>\n<p style=\"text-align: justify;\">Julia Monar a men\u021bionat c\u0103 decizia respectiv\u0103 vine \u00een urma intensific\u0103rii rela\u021biilor de cooperare dintre Republica Moldova \u0219i Germania, \u00een special prin majorarea semnificativ\u0103 a proiectelor investi\u021bionale a companiilor germane \u00een diferite sectoare ale economiei na\u021bionale, preponderent \u00een automotive. \u201dCrearea unei institu\u021bii de preg\u0103tire a speciali\u0219tilor califica\u021bi, \u00een baza unor metode inovative \u0219i moderne, va contribui la cre\u0219terea calit\u0103\u021bii m\u0103rfurilor produse \u00een Moldova, va ridica nivelul de concuren\u021b\u0103 a acestora pe pia\u021ba comunitar\u0103 sau din alte regiuni. \u00cen context, autorit\u0103\u021bile de la Berlin sunt dispuse s\u0103 acorde suportul financiar, tehnic, didactic sau de alt nivel pentru a transforma Colegiul de Inginerie \u00eentr-o adev\u0103rat\u0103 pepinier\u0103 de cadre calificate pentru economia Moldovei\u201d, a accentua diplomatul german.<\/p>\n<p style=\"text-align: justify;\">La r\u00e2ndul s\u0103u, vicepremierul Octavian Calm\u00eec a specificat c\u0103 preg\u0103tirea cadrelor calificate, dup\u0103 cre\u0219terea num\u0103rului de proiecte investi\u021bionale \u00een Republica Moldova, \u00een special \u00een zonele economice libere \u0219i parcurile industriale, a devenit o prioritate pentru Ministerul Economiei \u0219i Infrastructurii (MEI). \u201d\u021ain\u00e2nd cont c\u0103 la moment una din cele mai mari probleme pentru investitorii str\u0103ini, c\u00e2t \u0219i companiile autohtone, const\u0103 \u00een lipsa cadrelor calificate, Ministerul Economiei \u0219i Infrastructurii a \u00eenfiin\u021bat Colegiul de Inginerie cu statut de institu\u021bie public\u0103 de \u00eenv\u0103\u021b\u0103m\u00e2nt profesional tehnic, cu sediul \u00een cadrul Subzonei ZEL \u201eB\u0103l\u021bi\u201d din ora\u0219ul Str\u0103\u0219eni, care dup\u0103 ob\u021binerea certificatelor necesare de acreditare va \u00eencepe preg\u0103tirea speciali\u0219tilor pentru companiile care activeaz\u0103 \u00een Moldova, \u00een special Draexlmaier, Sumitomo, Fujikura, Gebauer&amp;Griller, etc\u201d, a specificat ministrul Octavian Calm\u00eec.<\/p>\n<p style=\"text-align: justify;\">La moment, MEI a investit \u00een infrastructura acestei institu\u021bii de \u00eenv\u0103\u021b\u0103m\u00e2nt circa un milion de euro, iar de c\u0103tre conducerea Colegiului de Inginerie se \u00eentreprind m\u0103suri pentru preg\u0103tirea \u0219i petrecerea procesului de achizi\u021bii publice a mobilierului \u0219i echipamentului necesar, \u00eenregistrarea Colegiului \u00een baza de date a institu\u021biilor de \u00eenv\u0103\u021b\u0103m\u00e2nt pentru finan\u021bare bugetar\u0103, ini\u021bierea elabor\u0103rii Standardelor Ocupa\u021bionale pentru specialit\u0103\u021bile identificate etc. Consecutiv, s-a solicitat de la Ministerul Educa\u021biei, Culturii \u0219i Cercet\u0103rii aprobarea statelor de personal a Colegiului de Inginerie \u0219i asigurarea remuner\u0103rii cadrelor institu\u021biei \u00een conformitate cu legisla\u021bia \u00een vigoare.<\/p>\n<p style=\"text-align: justify;\">\u00cen cadrul dialogului, Octavian Calm\u00eec \u0219i Julia Monar, au f\u0103cut un schimb de opinii vizavi de stadiul actual al rela\u021biilor comercial-economice dintre dou\u0103 state, posibilitatea realiz\u0103rii unor noi proiecte investi\u021bionale at\u00e2t cu implicarea companiilor care activeaz\u0103 \u00een Republica Moldova, c\u00e2t \u0219i a unor noi agen\u021bi economici.<\/p>\n<p style=\"text-align: justify;\">Interlocutorii au f\u0103cut un schimb de opinii privind implementarea de c\u0103tre Republica Moldova a Acordului de Asociere cu Uniunea European\u0103 \u0219i a componentei acestuia DCFTA. \u00cen context, vicepremierul Octavian Calm\u00eec a men\u021bionat c\u0103 \u00een perioada 2014-2017 exporturile Republicii Moldova \u00een UE au \u00eenregistrat un trend pozitiv, constituind 3,5 miliarde USD, progres\u00e2nd dup\u0103 semnare cu 15%. Mai mult, dac\u0103 \u00een medie, p\u00e2n\u0103 la semnarea AA\/DCFTA, Republica Moldova exporta 48% \u00een UE, dup\u0103 implementarea Acordului, ponderea exporturilor pe pia\u021ba comunitar\u0103 constituie peste 64%, principalii parteneri fiind Rom\u00e2nia (24%), Italia (9%), Germania (6.5%), Marea Britanie (6%) \u0219i Bulgaria (4%).<\/p>\n<p style=\"text-align: justify;\">Referindu-se la perspectivele dezvolt\u0103rii rela\u021biilor comerciale cu partenerii europeni, vicepremierul Octavian Calm\u00eec a men\u021bionat c\u0103 experien\u021ba celor trei ani indic\u0103 asupra renegocierii unor cote pentru produsele moldovene\u0219ti, deoarece, de exemplu, \u00een prima jum\u0103tate a anului curent, au fost valorificate contingentele pentru un \u0219ir de produse, \u00een special struguri, prune, gr\u00e2u, orz, porumb, cereale prelucrate \u0219i zah\u0103r. \u201d\u00cen context, inten\u021bion\u0103m s\u0103 discut\u0103m cu partenerii europeni revizuirea unor cote pentru produsele moldovene\u0219ti, exportate pe pia\u021ba comunitar\u0103, \u00een direc\u021bia major\u0103rii acestora\u201d, a spus ministrul Economiei \u0219i Infrastructurii.<\/p>\n<p style=\"text-align: justify;\">sursa: mec.gov.md<\/p>\n","protected":false},"excerpt":{"rendered":"<p>22 septembrie, Chi\u0219in\u0103u \u2013 Guvernul Germaniei va sus\u021bine eforturile autorit\u0103\u021bilor de la Chi\u0219in\u0103u privind crearea Colegiului de Inginerie, care va preg\u0103ti cadre calificate pentru companiile care activeaz\u0103 \u00een Republica Moldova, \u00een special cele cu capital german. O declara\u021bie \u00een acest sens a fost f\u0103cut\u0103 ast\u0103zi de noul ambasador al Germaniei \u00een Republica Moldova, Julia Monar, [&hellip;]<\/p>\n","protected":false},"author":8,"featured_media":3308,"comment_status":"closed","ping_status":"open","sticky":false,"template":"","format":"standard","meta":{"footnotes":""},"categories":[75],"tags":[],"class_list":["post-3914","post","type-post","status-publish","format-standard","has-post-thumbnail","hentry","category-stiri-en"],"yoast_head":"<!-- This site is optimized with the Yoast SEO plugin v26.6 - https:\/\/yoast.com\/wordpress\/plugins\/seo\/ -->\n<title>Germania va sus\u021bine crearea Colegiului de Inginerie, care va preg\u0103ti cadre calificate pentru economia na\u021bional\u0103. - ZELB<\/title>\n<meta name=\"robots\" content=\"index, follow, max-snippet:-1, max-image-preview:large, max-video-preview:-1\" \/>\n<link rel=\"canonical\" href=\"https:\/\/zelb.md\/en\/2017\/09\/23\/germania-va-sustine-crearea-colegiului-de-inginerie-care-va-pregati-cadre-calificate-pentru-economia-nationala\/\" \/>\n<meta property=\"og:locale\" content=\"en_US\" \/>\n<meta property=\"og:type\" content=\"article\" \/>\n<meta property=\"og:title\" content=\"Germania va sus\u021bine crearea Colegiului de Inginerie, care va preg\u0103ti cadre calificate pentru economia na\u021bional\u0103. - ZELB\" \/>\n<meta property=\"og:description\" content=\"22 septembrie, Chi\u0219in\u0103u \u2013 Guvernul Germaniei va sus\u021bine eforturile autorit\u0103\u021bilor de la Chi\u0219in\u0103u privind crearea Colegiului de Inginerie, care va preg\u0103ti cadre calificate pentru companiile care activeaz\u0103 \u00een Republica Moldova, \u00een special cele cu capital german. O declara\u021bie \u00een acest sens a fost f\u0103cut\u0103 ast\u0103zi de noul ambasador al Germaniei \u00een Republica Moldova, Julia Monar, [&hellip;]\" \/>\n<meta property=\"og:url\" content=\"https:\/\/zelb.md\/en\/2017\/09\/23\/germania-va-sustine-crearea-colegiului-de-inginerie-care-va-pregati-cadre-calificate-pentru-economia-nationala\/\" \/>\n<meta property=\"og:site_name\" content=\"ZELB\" \/>\n<meta property=\"article:publisher\" content=\"https:\/\/www.facebook.com\/zelbalti\/\" \/>\n<meta property=\"article:published_time\" content=\"2017-09-23T07:47:20+00:00\" \/>\n<meta property=\"og:image\" content=\"http:\/\/zelb.md\/wp-content\/uploads\/2018\/07\/csm_img_2459_1_39f983a7fa-300x155.jpg\" \/>\n<meta name=\"author\" content=\"info@zelb.md\" \/>\n<meta name=\"twitter:card\" content=\"summary_large_image\" \/>\n<meta name=\"twitter:label1\" content=\"Written by\" \/>\n\t<meta name=\"twitter:data1\" content=\"info@zelb.md\" \/>\n\t<meta name=\"twitter:label2\" content=\"Est. reading time\" \/>\n\t<meta name=\"twitter:data2\" content=\"4 minutes\" \/>\n<script type=\"application\/ld+json\" class=\"yoast-schema-graph\">{\"@context\":\"https:\/\/schema.org\",\"@graph\":[{\"@type\":\"Article\",\"@id\":\"https:\/\/zelb.md\/en\/2017\/09\/23\/germania-va-sustine-crearea-colegiului-de-inginerie-care-va-pregati-cadre-calificate-pentru-economia-nationala\/#article\",\"isPartOf\":{\"@id\":\"https:\/\/zelb.md\/en\/2017\/09\/23\/germania-va-sustine-crearea-colegiului-de-inginerie-care-va-pregati-cadre-calificate-pentru-economia-nationala\/\"},\"author\":{\"name\":\"info@zelb.md\",\"@id\":\"https:\/\/zelb.md\/#\/schema\/person\/4abdc37546080d574698a0afc03129a4\"},\"headline\":\"Germania va sus\u021bine crearea Colegiului de Inginerie, care va preg\u0103ti cadre calificate pentru economia na\u021bional\u0103.\",\"datePublished\":\"2017-09-23T07:47:20+00:00\",\"mainEntityOfPage\":{\"@id\":\"https:\/\/zelb.md\/en\/2017\/09\/23\/germania-va-sustine-crearea-colegiului-de-inginerie-care-va-pregati-cadre-calificate-pentru-economia-nationala\/\"},\"wordCount\":730,\"publisher\":{\"@id\":\"https:\/\/zelb.md\/#organization\"},\"image\":{\"@id\":\"https:\/\/zelb.md\/en\/2017\/09\/23\/germania-va-sustine-crearea-colegiului-de-inginerie-care-va-pregati-cadre-calificate-pentru-economia-nationala\/#primaryimage\"},\"thumbnailUrl\":\"https:\/\/zelb.md\/wp-content\/uploads\/2018\/07\/csm_img_2459_1_39f983a7fa.jpg\",\"articleSection\":[\"\u015etiri\"],\"inLanguage\":\"en-US\"},{\"@type\":\"WebPage\",\"@id\":\"https:\/\/zelb.md\/en\/2017\/09\/23\/germania-va-sustine-crearea-colegiului-de-inginerie-care-va-pregati-cadre-calificate-pentru-economia-nationala\/\",\"url\":\"https:\/\/zelb.md\/en\/2017\/09\/23\/germania-va-sustine-crearea-colegiului-de-inginerie-care-va-pregati-cadre-calificate-pentru-economia-nationala\/\",\"name\":\"Germania va sus\u021bine crearea Colegiului de Inginerie, care va preg\u0103ti cadre calificate pentru economia na\u021bional\u0103. - ZELB\",\"isPartOf\":{\"@id\":\"https:\/\/zelb.md\/#website\"},\"primaryImageOfPage\":{\"@id\":\"https:\/\/zelb.md\/en\/2017\/09\/23\/germania-va-sustine-crearea-colegiului-de-inginerie-care-va-pregati-cadre-calificate-pentru-economia-nationala\/#primaryimage\"},\"image\":{\"@id\":\"https:\/\/zelb.md\/en\/2017\/09\/23\/germania-va-sustine-crearea-colegiului-de-inginerie-care-va-pregati-cadre-calificate-pentru-economia-nationala\/#primaryimage\"},\"thumbnailUrl\":\"https:\/\/zelb.md\/wp-content\/uploads\/2018\/07\/csm_img_2459_1_39f983a7fa.jpg\",\"datePublished\":\"2017-09-23T07:47:20+00:00\",\"breadcrumb\":{\"@id\":\"https:\/\/zelb.md\/en\/2017\/09\/23\/germania-va-sustine-crearea-colegiului-de-inginerie-care-va-pregati-cadre-calificate-pentru-economia-nationala\/#breadcrumb\"},\"inLanguage\":\"en-US\",\"potentialAction\":[{\"@type\":\"ReadAction\",\"target\":[\"https:\/\/zelb.md\/en\/2017\/09\/23\/germania-va-sustine-crearea-colegiului-de-inginerie-care-va-pregati-cadre-calificate-pentru-economia-nationala\/\"]}]},{\"@type\":\"ImageObject\",\"inLanguage\":\"en-US\",\"@id\":\"https:\/\/zelb.md\/en\/2017\/09\/23\/germania-va-sustine-crearea-colegiului-de-inginerie-care-va-pregati-cadre-calificate-pentru-economia-nationala\/#primaryimage\",\"url\":\"https:\/\/zelb.md\/wp-content\/uploads\/2018\/07\/csm_img_2459_1_39f983a7fa.jpg\",\"contentUrl\":\"https:\/\/zelb.md\/wp-content\/uploads\/2018\/07\/csm_img_2459_1_39f983a7fa.jpg\",\"width\":300,\"height\":155},{\"@type\":\"BreadcrumbList\",\"@id\":\"https:\/\/zelb.md\/en\/2017\/09\/23\/germania-va-sustine-crearea-colegiului-de-inginerie-care-va-pregati-cadre-calificate-pentru-economia-nationala\/#breadcrumb\",\"itemListElement\":[{\"@type\":\"ListItem\",\"position\":1,\"name\":\"Prima pagin\u0103\",\"item\":\"https:\/\/zelb.md\/en\/\"},{\"@type\":\"ListItem\",\"position\":2,\"name\":\"Germania va sus\u021bine crearea Colegiului de Inginerie, care va preg\u0103ti cadre calificate pentru economia na\u021bional\u0103.\"}]},{\"@type\":\"WebSite\",\"@id\":\"https:\/\/zelb.md\/#website\",\"url\":\"https:\/\/zelb.md\/\",\"name\":\"ZELB\",\"description\":\"Zona Economic\u0103 Liber\u0103 B\u0103l\u0163i\",\"publisher\":{\"@id\":\"https:\/\/zelb.md\/#organization\"},\"potentialAction\":[{\"@type\":\"SearchAction\",\"target\":{\"@type\":\"EntryPoint\",\"urlTemplate\":\"https:\/\/zelb.md\/?s={search_term_string}\"},\"query-input\":{\"@type\":\"PropertyValueSpecification\",\"valueRequired\":true,\"valueName\":\"search_term_string\"}}],\"inLanguage\":\"en-US\"},{\"@type\":\"Organization\",\"@id\":\"https:\/\/zelb.md\/#organization\",\"name\":\"ZELB\",\"url\":\"https:\/\/zelb.md\/\",\"logo\":{\"@type\":\"ImageObject\",\"inLanguage\":\"en-US\",\"@id\":\"https:\/\/zelb.md\/#\/schema\/logo\/image\/\",\"url\":\"https:\/\/zelb.md\/wp-content\/uploads\/2018\/06\/zelb-logo-8-ani.png\",\"contentUrl\":\"https:\/\/zelb.md\/wp-content\/uploads\/2018\/06\/zelb-logo-8-ani.png\",\"width\":255,\"height\":105,\"caption\":\"ZELB\"},\"image\":{\"@id\":\"https:\/\/zelb.md\/#\/schema\/logo\/image\/\"},\"sameAs\":[\"https:\/\/www.facebook.com\/zelbalti\/\"]},{\"@type\":\"Person\",\"@id\":\"https:\/\/zelb.md\/#\/schema\/person\/4abdc37546080d574698a0afc03129a4\",\"name\":\"info@zelb.md\",\"image\":{\"@type\":\"ImageObject\",\"inLanguage\":\"en-US\",\"@id\":\"https:\/\/zelb.md\/#\/schema\/person\/image\/\",\"url\":\"https:\/\/secure.gravatar.com\/avatar\/2193cf92b2c4f6991fa6e47baea91bfc?s=96&d=mm&r=g\",\"contentUrl\":\"https:\/\/secure.gravatar.com\/avatar\/2193cf92b2c4f6991fa6e47baea91bfc?s=96&d=mm&r=g\",\"caption\":\"info@zelb.md\"},\"url\":\"https:\/\/zelb.md\/en\/author\/infozelb-md\/\"}]}<\/script>\n<!-- \/ Yoast SEO plugin. -->","yoast_head_json":{"title":"Germania va sus\u021bine crearea Colegiului de Inginerie, care va preg\u0103ti cadre calificate pentru economia na\u021bional\u0103. - ZELB","robots":{"index":"index","follow":"follow","max-snippet":"max-snippet:-1","max-image-preview":"max-image-preview:large","max-video-preview":"max-video-preview:-1"},"canonical":"https:\/\/zelb.md\/en\/2017\/09\/23\/germania-va-sustine-crearea-colegiului-de-inginerie-care-va-pregati-cadre-calificate-pentru-economia-nationala\/","og_locale":"en_US","og_type":"article","og_title":"Germania va sus\u021bine crearea Colegiului de Inginerie, care va preg\u0103ti cadre calificate pentru economia na\u021bional\u0103. - ZELB","og_description":"22 septembrie, Chi\u0219in\u0103u \u2013 Guvernul Germaniei va sus\u021bine eforturile autorit\u0103\u021bilor de la Chi\u0219in\u0103u privind crearea Colegiului de Inginerie, care va preg\u0103ti cadre calificate pentru companiile care activeaz\u0103 \u00een Republica Moldova, \u00een special cele cu capital german. O declara\u021bie \u00een acest sens a fost f\u0103cut\u0103 ast\u0103zi de noul ambasador al Germaniei \u00een Republica Moldova, Julia Monar, [&hellip;]","og_url":"https:\/\/zelb.md\/en\/2017\/09\/23\/germania-va-sustine-crearea-colegiului-de-inginerie-care-va-pregati-cadre-calificate-pentru-economia-nationala\/","og_site_name":"ZELB","article_publisher":"https:\/\/www.facebook.com\/zelbalti\/","article_published_time":"2017-09-23T07:47:20+00:00","og_image":[{"url":"http:\/\/zelb.md\/wp-content\/uploads\/2018\/07\/csm_img_2459_1_39f983a7fa-300x155.jpg","type":"","width":"","height":""}],"author":"info@zelb.md","twitter_card":"summary_large_image","twitter_misc":{"Written by":"info@zelb.md","Est. reading time":"4 minutes"},"schema":{"@context":"https:\/\/schema.org","@graph":[{"@type":"Article","@id":"https:\/\/zelb.md\/en\/2017\/09\/23\/germania-va-sustine-crearea-colegiului-de-inginerie-care-va-pregati-cadre-calificate-pentru-economia-nationala\/#article","isPartOf":{"@id":"https:\/\/zelb.md\/en\/2017\/09\/23\/germania-va-sustine-crearea-colegiului-de-inginerie-care-va-pregati-cadre-calificate-pentru-economia-nationala\/"},"author":{"name":"info@zelb.md","@id":"https:\/\/zelb.md\/#\/schema\/person\/4abdc37546080d574698a0afc03129a4"},"headline":"Germania va sus\u021bine crearea Colegiului de Inginerie, care va preg\u0103ti cadre calificate pentru economia na\u021bional\u0103.","datePublished":"2017-09-23T07:47:20+00:00","mainEntityOfPage":{"@id":"https:\/\/zelb.md\/en\/2017\/09\/23\/germania-va-sustine-crearea-colegiului-de-inginerie-care-va-pregati-cadre-calificate-pentru-economia-nationala\/"},"wordCount":730,"publisher":{"@id":"https:\/\/zelb.md\/#organization"},"image":{"@id":"https:\/\/zelb.md\/en\/2017\/09\/23\/germania-va-sustine-crearea-colegiului-de-inginerie-care-va-pregati-cadre-calificate-pentru-economia-nationala\/#primaryimage"},"thumbnailUrl":"https:\/\/zelb.md\/wp-content\/uploads\/2018\/07\/csm_img_2459_1_39f983a7fa.jpg","articleSection":["\u015etiri"],"inLanguage":"en-US"},{"@type":"WebPage","@id":"https:\/\/zelb.md\/en\/2017\/09\/23\/germania-va-sustine-crearea-colegiului-de-inginerie-care-va-pregati-cadre-calificate-pentru-economia-nationala\/","url":"https:\/\/zelb.md\/en\/2017\/09\/23\/germania-va-sustine-crearea-colegiului-de-inginerie-care-va-pregati-cadre-calificate-pentru-economia-nationala\/","name":"Germania va sus\u021bine crearea Colegiului de Inginerie, care va preg\u0103ti cadre calificate pentru economia na\u021bional\u0103. - ZELB","isPartOf":{"@id":"https:\/\/zelb.md\/#website"},"primaryImageOfPage":{"@id":"https:\/\/zelb.md\/en\/2017\/09\/23\/germania-va-sustine-crearea-colegiului-de-inginerie-care-va-pregati-cadre-calificate-pentru-economia-nationala\/#primaryimage"},"image":{"@id":"https:\/\/zelb.md\/en\/2017\/09\/23\/germania-va-sustine-crearea-colegiului-de-inginerie-care-va-pregati-cadre-calificate-pentru-economia-nationala\/#primaryimage"},"thumbnailUrl":"https:\/\/zelb.md\/wp-content\/uploads\/2018\/07\/csm_img_2459_1_39f983a7fa.jpg","datePublished":"2017-09-23T07:47:20+00:00","breadcrumb":{"@id":"https:\/\/zelb.md\/en\/2017\/09\/23\/germania-va-sustine-crearea-colegiului-de-inginerie-care-va-pregati-cadre-calificate-pentru-economia-nationala\/#breadcrumb"},"inLanguage":"en-US","potentialAction":[{"@type":"ReadAction","target":["https:\/\/zelb.md\/en\/2017\/09\/23\/germania-va-sustine-crearea-colegiului-de-inginerie-care-va-pregati-cadre-calificate-pentru-economia-nationala\/"]}]},{"@type":"ImageObject","inLanguage":"en-US","@id":"https:\/\/zelb.md\/en\/2017\/09\/23\/germania-va-sustine-crearea-colegiului-de-inginerie-care-va-pregati-cadre-calificate-pentru-economia-nationala\/#primaryimage","url":"https:\/\/zelb.md\/wp-content\/uploads\/2018\/07\/csm_img_2459_1_39f983a7fa.jpg","contentUrl":"https:\/\/zelb.md\/wp-content\/uploads\/2018\/07\/csm_img_2459_1_39f983a7fa.jpg","width":300,"height":155},{"@type":"BreadcrumbList","@id":"https:\/\/zelb.md\/en\/2017\/09\/23\/germania-va-sustine-crearea-colegiului-de-inginerie-care-va-pregati-cadre-calificate-pentru-economia-nationala\/#breadcrumb","itemListElement":[{"@type":"ListItem","position":1,"name":"Prima pagin\u0103","item":"https:\/\/zelb.md\/en\/"},{"@type":"ListItem","position":2,"name":"Germania va sus\u021bine crearea Colegiului de Inginerie, care va preg\u0103ti cadre calificate pentru economia na\u021bional\u0103."}]},{"@type":"WebSite","@id":"https:\/\/zelb.md\/#website","url":"https:\/\/zelb.md\/","name":"ZELB","description":"Zona Economic\u0103 Liber\u0103 B\u0103l\u0163i","publisher":{"@id":"https:\/\/zelb.md\/#organization"},"potentialAction":[{"@type":"SearchAction","target":{"@type":"EntryPoint","urlTemplate":"https:\/\/zelb.md\/?s={search_term_string}"},"query-input":{"@type":"PropertyValueSpecification","valueRequired":true,"valueName":"search_term_string"}}],"inLanguage":"en-US"},{"@type":"Organization","@id":"https:\/\/zelb.md\/#organization","name":"ZELB","url":"https:\/\/zelb.md\/","logo":{"@type":"ImageObject","inLanguage":"en-US","@id":"https:\/\/zelb.md\/#\/schema\/logo\/image\/","url":"https:\/\/zelb.md\/wp-content\/uploads\/2018\/06\/zelb-logo-8-ani.png","contentUrl":"https:\/\/zelb.md\/wp-content\/uploads\/2018\/06\/zelb-logo-8-ani.png","width":255,"height":105,"caption":"ZELB"},"image":{"@id":"https:\/\/zelb.md\/#\/schema\/logo\/image\/"},"sameAs":["https:\/\/www.facebook.com\/zelbalti\/"]},{"@type":"Person","@id":"https:\/\/zelb.md\/#\/schema\/person\/4abdc37546080d574698a0afc03129a4","name":"info@zelb.md","image":{"@type":"ImageObject","inLanguage":"en-US","@id":"https:\/\/zelb.md\/#\/schema\/person\/image\/","url":"https:\/\/secure.gravatar.com\/avatar\/2193cf92b2c4f6991fa6e47baea91bfc?s=96&d=mm&r=g","contentUrl":"https:\/\/secure.gravatar.com\/avatar\/2193cf92b2c4f6991fa6e47baea91bfc?s=96&d=mm&r=g","caption":"info@zelb.md"},"url":"https:\/\/zelb.md\/en\/author\/infozelb-md\/"}]}},"_links":{"self":[{"href":"https:\/\/zelb.md\/en\/wp-json\/wp\/v2\/posts\/3914","targetHints":{"allow":["GET"]}}],"collection":[{"href":"https:\/\/zelb.md\/en\/wp-json\/wp\/v2\/posts"}],"about":[{"href":"https:\/\/zelb.md\/en\/wp-json\/wp\/v2\/types\/post"}],"author":[{"embeddable":true,"href":"https:\/\/zelb.md\/en\/wp-json\/wp\/v2\/users\/8"}],"replies":[{"embeddable":true,"href":"https:\/\/zelb.md\/en\/wp-json\/wp\/v2\/comments?post=3914"}],"version-history":[{"count":0,"href":"https:\/\/zelb.md\/en\/wp-json\/wp\/v2\/posts\/3914\/revisions"}],"wp:featuredmedia":[{"embeddable":true,"href":"https:\/\/zelb.md\/en\/wp-json\/wp\/v2\/media\/3308"}],"wp:attachment":[{"href":"https:\/\/zelb.md\/en\/wp-json\/wp\/v2\/media?parent=3914"}],"wp:term":[{"taxonomy":"category","embeddable":true,"href":"https:\/\/zelb.md\/en\/wp-json\/wp\/v2\/categories?post=3914"},{"taxonomy":"post_tag","embeddable":true,"href":"https:\/\/zelb.md\/en\/wp-json\/wp\/v2\/tags?post=3914"}],"curies":[{"name":"wp","href":"https:\/\/api.w.org\/{rel}","templated":true}]}}