{"id":3910,"date":"2018-03-23T09:53:02","date_gmt":"2018-03-23T07:53:02","guid":{"rendered":"https:\/\/zelb.md\/2018\/03\/23\/mesajul-administratorului-principal-al-zel-balti-dl-marin-ciobanu-adresat-cu-ocazia-implinirii-a-8-ani-de-activitate\/"},"modified":"2018-03-23T09:53:02","modified_gmt":"2018-03-23T07:53:02","slug":"mesajul-administratorului-principal-al-zel-balti-dl-marin-ciobanu-adresat-cu-ocazia-implinirii-a-8-ani-de-activitate","status":"publish","type":"post","link":"https:\/\/zelb.md\/en\/2018\/03\/23\/mesajul-administratorului-principal-al-zel-balti-dl-marin-ciobanu-adresat-cu-ocazia-implinirii-a-8-ani-de-activitate\/","title":{"rendered":"Mesajul administratorului principal al ZEL \u201eB\u0103l\u021bi\u201d, dl Marin Ciobanu, adresat cu ocazia \u00eemplinirii a 8 ani de activitate."},"content":{"rendered":"<p style=\"text-align: justify;\"><img loading=\"lazy\" decoding=\"async\" class=\"size-medium wp-image-870 alignleft\" src=\"http:\/\/zelb.md\/wp-content\/uploads\/2018\/07\/csm_marin_ciobanu_3ce333cdd7-300x200.jpg\" alt=\"\" width=\"300\" height=\"200\" \/>Stima\u021bi prieteni!<\/p>\n<p style=\"text-align: justify;\">\u00cen luna martie 2010, cu 8 ani \u00een urm\u0103, am reu\u0219it s\u0103 cre\u0103m \u0219i s\u0103 lans\u0103m activitatea Zonei Economice Libere \u201eB\u0103l\u021bi\u201d. Pe parcursul celor 8 ani de activitate ZEL \u201eB\u0103l\u021bi\u201d a cunoscut o dezvoltare continu\u0103 \u0219i dinamic\u0103, marcat\u0103 de realizarea unor proiecte de importan\u021b\u0103 strategic\u0103 pentru \u021bar\u0103. Acest lucru a fost posibil at\u00e2t gra\u021bie eforturilor depuse, c\u00e2t \u0219i datorit\u0103 dep\u0103\u0219irii, de multe ori, a stereotipurilor existente. Prin exemple proprii \u0219i rezultate am demonstrat c\u0103 Moldova poate fi o loca\u021bie atractiv\u0103 pentru Corpora\u021biile Transna\u021bionale, cu proiecte investi\u021bionale de zeci de milioane USD. Pentru aceasta, este important s\u0103 \u00een\u021belegem a\u0219tept\u0103rile \u0219i necesit\u0103\u021bile investitorilor, dar \u0219i s\u0103 depunem toate eforturile pentru a corespunde \u0219i dep\u0103\u0219i aceste a\u0219tept\u0103ri. Urm\u00e2nd o astfel de strategie, am reu\u0219it s\u0103 atragem p\u00e2n\u0103 \u00een prezent \u00een Moldova investi\u021bii de peste 160 milioane USD \u0219i s\u0103 cre\u0103m peste 6 mii locuri de munc\u0103 directe. Cel mai important este, \u00eens\u0103, c\u0103 ZEL \u201eB\u0103l\u021bi\u201d continu\u0103 s\u0103 se dezvolte, poten\u021bialul s\u0103u nefiind \u00eenc\u0103 pe deplin valorificat.<\/p>\n<p style=\"text-align: justify;\">\u00cen pofida faptului c\u0103 ZEL \u201eB\u0103l\u021bi\u201d este cea mai \u201et\u00e2n\u0103r\u0103\u201d dintre cele 7 zone economice libere din Moldova, aceasta se dezvolt\u0103 cel mai dinamic. \u00cen acela\u0219i timp, ZEL \u201eB\u0103l\u021bi\u201d poate fi considerat\u0103 un model de referin\u021b\u0103 pentru celelalte structuri similare, care \u0219i-a \u00eendrept\u0103\u021bit pe deplin scopul pentru care a fost creat\u0103. \u00cen 8 ani de activitate, ZEL \u201eB\u0103l\u021bi\u201d a reu\u0219it s\u0103 devin\u0103 un centru de revitalizare industrial\u0103 \u0219i dezvoltare regional\u0103. ZEL \u201eB\u0103l\u021bi\u201d administreaz\u0103 \u00een prezent 11 subzone, amplasate \u00een 5 raioane cuprinz\u00e2nd toate cele 3 regiuni de dezvoltare efective ale \u021b\u0103rii.<\/p>\n<p style=\"text-align: justify;\">Depunem, \u00een continuare, eforturi sporite pentru relansarea poten\u021bialului industrial al \u021b\u0103rii, tras\u00e2ndu-ne \u0219i alte scopuri ambi\u021bioase. Aceste eforturi se materializeaz\u0103 \u00een rezultate \u0219i proiecte noi de succes. \u00cen anul curent, au fost puse bazele unor noi proiecte de anvergur\u0103 \u00een cadrul ZEL \u201eB\u0103l\u021bi\u201d cu investi\u021bii de peste 110 milioane USD, care vor rezulta \u00een alte peste 8 mii locuri noi de munc\u0103. Iar acestea vor genera, la r\u00e2ndul lor, alte 16 mii locuri de munc\u0103 indirecte \u00een afara teritoriului zonei libere.<\/p>\n<p style=\"text-align: justify;\">Sunt convins c\u0103 experien\u021ba pozitiv\u0103 acumulat\u0103 ca rezultat al muncii echipei ZEL \u201eB\u0103l\u021bi\u201d va putea sta la temelia unei noi pagini \u00een dezvoltarea industrial\u0103 \u0219i economic\u0103 a \u021b\u0103rii per ansamblu.<\/p>\n<p style=\"text-align: justify;\">Cu stim\u0103, Marin Ciobanu<br \/>\nAdministrator principal<\/p>\n","protected":false},"excerpt":{"rendered":"<p>Stima\u021bi prieteni! \u00cen luna martie 2010, cu 8 ani \u00een urm\u0103, am reu\u0219it s\u0103 cre\u0103m \u0219i s\u0103 lans\u0103m activitatea Zonei Economice Libere \u201eB\u0103l\u021bi\u201d. Pe parcursul celor 8 ani de activitate ZEL \u201eB\u0103l\u021bi\u201d a cunoscut o dezvoltare continu\u0103 \u0219i dinamic\u0103, marcat\u0103 de realizarea unor proiecte de importan\u021b\u0103 strategic\u0103 pentru \u021bar\u0103. Acest lucru a fost posibil at\u00e2t [&hellip;]<\/p>\n","protected":false},"author":8,"featured_media":3315,"comment_status":"closed","ping_status":"open","sticky":false,"template":"","format":"standard","meta":{"footnotes":""},"categories":[75],"tags":[],"class_list":["post-3910","post","type-post","status-publish","format-standard","has-post-thumbnail","hentry","category-stiri-en"],"yoast_head":"<!-- This site is optimized with the Yoast SEO plugin v26.6 - https:\/\/yoast.com\/wordpress\/plugins\/seo\/ -->\n<title>Mesajul administratorului principal al ZEL \u201eB\u0103l\u021bi\u201d, dl Marin Ciobanu, adresat cu ocazia \u00eemplinirii a 8 ani de activitate. - ZELB<\/title>\n<meta name=\"robots\" content=\"index, follow, max-snippet:-1, max-image-preview:large, max-video-preview:-1\" \/>\n<link rel=\"canonical\" href=\"https:\/\/zelb.md\/en\/2018\/03\/23\/mesajul-administratorului-principal-al-zel-balti-dl-marin-ciobanu-adresat-cu-ocazia-implinirii-a-8-ani-de-activitate\/\" \/>\n<meta property=\"og:locale\" content=\"en_US\" \/>\n<meta property=\"og:type\" content=\"article\" \/>\n<meta property=\"og:title\" content=\"Mesajul administratorului principal al ZEL \u201eB\u0103l\u021bi\u201d, dl Marin Ciobanu, adresat cu ocazia \u00eemplinirii a 8 ani de activitate. - ZELB\" \/>\n<meta property=\"og:description\" content=\"Stima\u021bi prieteni! \u00cen luna martie 2010, cu 8 ani \u00een urm\u0103, am reu\u0219it s\u0103 cre\u0103m \u0219i s\u0103 lans\u0103m activitatea Zonei Economice Libere \u201eB\u0103l\u021bi\u201d. Pe parcursul celor 8 ani de activitate ZEL \u201eB\u0103l\u021bi\u201d a cunoscut o dezvoltare continu\u0103 \u0219i dinamic\u0103, marcat\u0103 de realizarea unor proiecte de importan\u021b\u0103 strategic\u0103 pentru \u021bar\u0103. Acest lucru a fost posibil at\u00e2t [&hellip;]\" \/>\n<meta property=\"og:url\" content=\"https:\/\/zelb.md\/en\/2018\/03\/23\/mesajul-administratorului-principal-al-zel-balti-dl-marin-ciobanu-adresat-cu-ocazia-implinirii-a-8-ani-de-activitate\/\" \/>\n<meta property=\"og:site_name\" content=\"ZELB\" \/>\n<meta property=\"article:publisher\" content=\"https:\/\/www.facebook.com\/zelbalti\/\" \/>\n<meta property=\"article:published_time\" content=\"2018-03-23T07:53:02+00:00\" \/>\n<meta property=\"og:image\" content=\"http:\/\/zelb.md\/wp-content\/uploads\/2018\/07\/csm_marin_ciobanu_3ce333cdd7-300x200.jpg\" \/>\n<meta name=\"author\" content=\"info@zelb.md\" \/>\n<meta name=\"twitter:card\" content=\"summary_large_image\" \/>\n<meta name=\"twitter:label1\" content=\"Written by\" \/>\n\t<meta name=\"twitter:data1\" content=\"info@zelb.md\" \/>\n\t<meta name=\"twitter:label2\" content=\"Est. reading time\" \/>\n\t<meta name=\"twitter:data2\" content=\"2 minutes\" \/>\n<script type=\"application\/ld+json\" class=\"yoast-schema-graph\">{\"@context\":\"https:\/\/schema.org\",\"@graph\":[{\"@type\":\"Article\",\"@id\":\"https:\/\/zelb.md\/en\/2018\/03\/23\/mesajul-administratorului-principal-al-zel-balti-dl-marin-ciobanu-adresat-cu-ocazia-implinirii-a-8-ani-de-activitate\/#article\",\"isPartOf\":{\"@id\":\"https:\/\/zelb.md\/en\/2018\/03\/23\/mesajul-administratorului-principal-al-zel-balti-dl-marin-ciobanu-adresat-cu-ocazia-implinirii-a-8-ani-de-activitate\/\"},\"author\":{\"name\":\"info@zelb.md\",\"@id\":\"https:\/\/zelb.md\/#\/schema\/person\/4abdc37546080d574698a0afc03129a4\"},\"headline\":\"Mesajul administratorului principal al ZEL \u201eB\u0103l\u021bi\u201d, dl Marin Ciobanu, adresat cu ocazia \u00eemplinirii a 8 ani de activitate.\",\"datePublished\":\"2018-03-23T07:53:02+00:00\",\"mainEntityOfPage\":{\"@id\":\"https:\/\/zelb.md\/en\/2018\/03\/23\/mesajul-administratorului-principal-al-zel-balti-dl-marin-ciobanu-adresat-cu-ocazia-implinirii-a-8-ani-de-activitate\/\"},\"wordCount\":435,\"publisher\":{\"@id\":\"https:\/\/zelb.md\/#organization\"},\"image\":{\"@id\":\"https:\/\/zelb.md\/en\/2018\/03\/23\/mesajul-administratorului-principal-al-zel-balti-dl-marin-ciobanu-adresat-cu-ocazia-implinirii-a-8-ani-de-activitate\/#primaryimage\"},\"thumbnailUrl\":\"https:\/\/zelb.md\/wp-content\/uploads\/2018\/07\/csm_marin_ciobanu_3ce333cdd7.jpg\",\"articleSection\":[\"\u015etiri\"],\"inLanguage\":\"en-US\"},{\"@type\":\"WebPage\",\"@id\":\"https:\/\/zelb.md\/en\/2018\/03\/23\/mesajul-administratorului-principal-al-zel-balti-dl-marin-ciobanu-adresat-cu-ocazia-implinirii-a-8-ani-de-activitate\/\",\"url\":\"https:\/\/zelb.md\/en\/2018\/03\/23\/mesajul-administratorului-principal-al-zel-balti-dl-marin-ciobanu-adresat-cu-ocazia-implinirii-a-8-ani-de-activitate\/\",\"name\":\"Mesajul administratorului principal al ZEL \u201eB\u0103l\u021bi\u201d, dl Marin Ciobanu, adresat cu ocazia \u00eemplinirii a 8 ani de activitate. - ZELB\",\"isPartOf\":{\"@id\":\"https:\/\/zelb.md\/#website\"},\"primaryImageOfPage\":{\"@id\":\"https:\/\/zelb.md\/en\/2018\/03\/23\/mesajul-administratorului-principal-al-zel-balti-dl-marin-ciobanu-adresat-cu-ocazia-implinirii-a-8-ani-de-activitate\/#primaryimage\"},\"image\":{\"@id\":\"https:\/\/zelb.md\/en\/2018\/03\/23\/mesajul-administratorului-principal-al-zel-balti-dl-marin-ciobanu-adresat-cu-ocazia-implinirii-a-8-ani-de-activitate\/#primaryimage\"},\"thumbnailUrl\":\"https:\/\/zelb.md\/wp-content\/uploads\/2018\/07\/csm_marin_ciobanu_3ce333cdd7.jpg\",\"datePublished\":\"2018-03-23T07:53:02+00:00\",\"breadcrumb\":{\"@id\":\"https:\/\/zelb.md\/en\/2018\/03\/23\/mesajul-administratorului-principal-al-zel-balti-dl-marin-ciobanu-adresat-cu-ocazia-implinirii-a-8-ani-de-activitate\/#breadcrumb\"},\"inLanguage\":\"en-US\",\"potentialAction\":[{\"@type\":\"ReadAction\",\"target\":[\"https:\/\/zelb.md\/en\/2018\/03\/23\/mesajul-administratorului-principal-al-zel-balti-dl-marin-ciobanu-adresat-cu-ocazia-implinirii-a-8-ani-de-activitate\/\"]}]},{\"@type\":\"ImageObject\",\"inLanguage\":\"en-US\",\"@id\":\"https:\/\/zelb.md\/en\/2018\/03\/23\/mesajul-administratorului-principal-al-zel-balti-dl-marin-ciobanu-adresat-cu-ocazia-implinirii-a-8-ani-de-activitate\/#primaryimage\",\"url\":\"https:\/\/zelb.md\/wp-content\/uploads\/2018\/07\/csm_marin_ciobanu_3ce333cdd7.jpg\",\"contentUrl\":\"https:\/\/zelb.md\/wp-content\/uploads\/2018\/07\/csm_marin_ciobanu_3ce333cdd7.jpg\",\"width\":300,\"height\":200},{\"@type\":\"BreadcrumbList\",\"@id\":\"https:\/\/zelb.md\/en\/2018\/03\/23\/mesajul-administratorului-principal-al-zel-balti-dl-marin-ciobanu-adresat-cu-ocazia-implinirii-a-8-ani-de-activitate\/#breadcrumb\",\"itemListElement\":[{\"@type\":\"ListItem\",\"position\":1,\"name\":\"Prima pagin\u0103\",\"item\":\"https:\/\/zelb.md\/en\/\"},{\"@type\":\"ListItem\",\"position\":2,\"name\":\"Mesajul administratorului principal al ZEL \u201eB\u0103l\u021bi\u201d, dl Marin Ciobanu, adresat cu ocazia \u00eemplinirii a 8 ani de activitate.\"}]},{\"@type\":\"WebSite\",\"@id\":\"https:\/\/zelb.md\/#website\",\"url\":\"https:\/\/zelb.md\/\",\"name\":\"ZELB\",\"description\":\"Zona Economic\u0103 Liber\u0103 B\u0103l\u0163i\",\"publisher\":{\"@id\":\"https:\/\/zelb.md\/#organization\"},\"potentialAction\":[{\"@type\":\"SearchAction\",\"target\":{\"@type\":\"EntryPoint\",\"urlTemplate\":\"https:\/\/zelb.md\/?s={search_term_string}\"},\"query-input\":{\"@type\":\"PropertyValueSpecification\",\"valueRequired\":true,\"valueName\":\"search_term_string\"}}],\"inLanguage\":\"en-US\"},{\"@type\":\"Organization\",\"@id\":\"https:\/\/zelb.md\/#organization\",\"name\":\"ZELB\",\"url\":\"https:\/\/zelb.md\/\",\"logo\":{\"@type\":\"ImageObject\",\"inLanguage\":\"en-US\",\"@id\":\"https:\/\/zelb.md\/#\/schema\/logo\/image\/\",\"url\":\"https:\/\/zelb.md\/wp-content\/uploads\/2018\/06\/zelb-logo-8-ani.png\",\"contentUrl\":\"https:\/\/zelb.md\/wp-content\/uploads\/2018\/06\/zelb-logo-8-ani.png\",\"width\":255,\"height\":105,\"caption\":\"ZELB\"},\"image\":{\"@id\":\"https:\/\/zelb.md\/#\/schema\/logo\/image\/\"},\"sameAs\":[\"https:\/\/www.facebook.com\/zelbalti\/\"]},{\"@type\":\"Person\",\"@id\":\"https:\/\/zelb.md\/#\/schema\/person\/4abdc37546080d574698a0afc03129a4\",\"name\":\"info@zelb.md\",\"image\":{\"@type\":\"ImageObject\",\"inLanguage\":\"en-US\",\"@id\":\"https:\/\/zelb.md\/#\/schema\/person\/image\/\",\"url\":\"https:\/\/secure.gravatar.com\/avatar\/2193cf92b2c4f6991fa6e47baea91bfc?s=96&d=mm&r=g\",\"contentUrl\":\"https:\/\/secure.gravatar.com\/avatar\/2193cf92b2c4f6991fa6e47baea91bfc?s=96&d=mm&r=g\",\"caption\":\"info@zelb.md\"},\"url\":\"https:\/\/zelb.md\/en\/author\/infozelb-md\/\"}]}<\/script>\n<!-- \/ Yoast SEO plugin. -->","yoast_head_json":{"title":"Mesajul administratorului principal al ZEL \u201eB\u0103l\u021bi\u201d, dl Marin Ciobanu, adresat cu ocazia \u00eemplinirii a 8 ani de activitate. - ZELB","robots":{"index":"index","follow":"follow","max-snippet":"max-snippet:-1","max-image-preview":"max-image-preview:large","max-video-preview":"max-video-preview:-1"},"canonical":"https:\/\/zelb.md\/en\/2018\/03\/23\/mesajul-administratorului-principal-al-zel-balti-dl-marin-ciobanu-adresat-cu-ocazia-implinirii-a-8-ani-de-activitate\/","og_locale":"en_US","og_type":"article","og_title":"Mesajul administratorului principal al ZEL \u201eB\u0103l\u021bi\u201d, dl Marin Ciobanu, adresat cu ocazia \u00eemplinirii a 8 ani de activitate. - ZELB","og_description":"Stima\u021bi prieteni! \u00cen luna martie 2010, cu 8 ani \u00een urm\u0103, am reu\u0219it s\u0103 cre\u0103m \u0219i s\u0103 lans\u0103m activitatea Zonei Economice Libere \u201eB\u0103l\u021bi\u201d. Pe parcursul celor 8 ani de activitate ZEL \u201eB\u0103l\u021bi\u201d a cunoscut o dezvoltare continu\u0103 \u0219i dinamic\u0103, marcat\u0103 de realizarea unor proiecte de importan\u021b\u0103 strategic\u0103 pentru \u021bar\u0103. Acest lucru a fost posibil at\u00e2t [&hellip;]","og_url":"https:\/\/zelb.md\/en\/2018\/03\/23\/mesajul-administratorului-principal-al-zel-balti-dl-marin-ciobanu-adresat-cu-ocazia-implinirii-a-8-ani-de-activitate\/","og_site_name":"ZELB","article_publisher":"https:\/\/www.facebook.com\/zelbalti\/","article_published_time":"2018-03-23T07:53:02+00:00","og_image":[{"url":"http:\/\/zelb.md\/wp-content\/uploads\/2018\/07\/csm_marin_ciobanu_3ce333cdd7-300x200.jpg","type":"","width":"","height":""}],"author":"info@zelb.md","twitter_card":"summary_large_image","twitter_misc":{"Written by":"info@zelb.md","Est. reading time":"2 minutes"},"schema":{"@context":"https:\/\/schema.org","@graph":[{"@type":"Article","@id":"https:\/\/zelb.md\/en\/2018\/03\/23\/mesajul-administratorului-principal-al-zel-balti-dl-marin-ciobanu-adresat-cu-ocazia-implinirii-a-8-ani-de-activitate\/#article","isPartOf":{"@id":"https:\/\/zelb.md\/en\/2018\/03\/23\/mesajul-administratorului-principal-al-zel-balti-dl-marin-ciobanu-adresat-cu-ocazia-implinirii-a-8-ani-de-activitate\/"},"author":{"name":"info@zelb.md","@id":"https:\/\/zelb.md\/#\/schema\/person\/4abdc37546080d574698a0afc03129a4"},"headline":"Mesajul administratorului principal al ZEL \u201eB\u0103l\u021bi\u201d, dl Marin Ciobanu, adresat cu ocazia \u00eemplinirii a 8 ani de activitate.","datePublished":"2018-03-23T07:53:02+00:00","mainEntityOfPage":{"@id":"https:\/\/zelb.md\/en\/2018\/03\/23\/mesajul-administratorului-principal-al-zel-balti-dl-marin-ciobanu-adresat-cu-ocazia-implinirii-a-8-ani-de-activitate\/"},"wordCount":435,"publisher":{"@id":"https:\/\/zelb.md\/#organization"},"image":{"@id":"https:\/\/zelb.md\/en\/2018\/03\/23\/mesajul-administratorului-principal-al-zel-balti-dl-marin-ciobanu-adresat-cu-ocazia-implinirii-a-8-ani-de-activitate\/#primaryimage"},"thumbnailUrl":"https:\/\/zelb.md\/wp-content\/uploads\/2018\/07\/csm_marin_ciobanu_3ce333cdd7.jpg","articleSection":["\u015etiri"],"inLanguage":"en-US"},{"@type":"WebPage","@id":"https:\/\/zelb.md\/en\/2018\/03\/23\/mesajul-administratorului-principal-al-zel-balti-dl-marin-ciobanu-adresat-cu-ocazia-implinirii-a-8-ani-de-activitate\/","url":"https:\/\/zelb.md\/en\/2018\/03\/23\/mesajul-administratorului-principal-al-zel-balti-dl-marin-ciobanu-adresat-cu-ocazia-implinirii-a-8-ani-de-activitate\/","name":"Mesajul administratorului principal al ZEL \u201eB\u0103l\u021bi\u201d, dl Marin Ciobanu, adresat cu ocazia \u00eemplinirii a 8 ani de activitate. - ZELB","isPartOf":{"@id":"https:\/\/zelb.md\/#website"},"primaryImageOfPage":{"@id":"https:\/\/zelb.md\/en\/2018\/03\/23\/mesajul-administratorului-principal-al-zel-balti-dl-marin-ciobanu-adresat-cu-ocazia-implinirii-a-8-ani-de-activitate\/#primaryimage"},"image":{"@id":"https:\/\/zelb.md\/en\/2018\/03\/23\/mesajul-administratorului-principal-al-zel-balti-dl-marin-ciobanu-adresat-cu-ocazia-implinirii-a-8-ani-de-activitate\/#primaryimage"},"thumbnailUrl":"https:\/\/zelb.md\/wp-content\/uploads\/2018\/07\/csm_marin_ciobanu_3ce333cdd7.jpg","datePublished":"2018-03-23T07:53:02+00:00","breadcrumb":{"@id":"https:\/\/zelb.md\/en\/2018\/03\/23\/mesajul-administratorului-principal-al-zel-balti-dl-marin-ciobanu-adresat-cu-ocazia-implinirii-a-8-ani-de-activitate\/#breadcrumb"},"inLanguage":"en-US","potentialAction":[{"@type":"ReadAction","target":["https:\/\/zelb.md\/en\/2018\/03\/23\/mesajul-administratorului-principal-al-zel-balti-dl-marin-ciobanu-adresat-cu-ocazia-implinirii-a-8-ani-de-activitate\/"]}]},{"@type":"ImageObject","inLanguage":"en-US","@id":"https:\/\/zelb.md\/en\/2018\/03\/23\/mesajul-administratorului-principal-al-zel-balti-dl-marin-ciobanu-adresat-cu-ocazia-implinirii-a-8-ani-de-activitate\/#primaryimage","url":"https:\/\/zelb.md\/wp-content\/uploads\/2018\/07\/csm_marin_ciobanu_3ce333cdd7.jpg","contentUrl":"https:\/\/zelb.md\/wp-content\/uploads\/2018\/07\/csm_marin_ciobanu_3ce333cdd7.jpg","width":300,"height":200},{"@type":"BreadcrumbList","@id":"https:\/\/zelb.md\/en\/2018\/03\/23\/mesajul-administratorului-principal-al-zel-balti-dl-marin-ciobanu-adresat-cu-ocazia-implinirii-a-8-ani-de-activitate\/#breadcrumb","itemListElement":[{"@type":"ListItem","position":1,"name":"Prima pagin\u0103","item":"https:\/\/zelb.md\/en\/"},{"@type":"ListItem","position":2,"name":"Mesajul administratorului principal al ZEL \u201eB\u0103l\u021bi\u201d, dl Marin Ciobanu, adresat cu ocazia \u00eemplinirii a 8 ani de activitate."}]},{"@type":"WebSite","@id":"https:\/\/zelb.md\/#website","url":"https:\/\/zelb.md\/","name":"ZELB","description":"Zona Economic\u0103 Liber\u0103 B\u0103l\u0163i","publisher":{"@id":"https:\/\/zelb.md\/#organization"},"potentialAction":[{"@type":"SearchAction","target":{"@type":"EntryPoint","urlTemplate":"https:\/\/zelb.md\/?s={search_term_string}"},"query-input":{"@type":"PropertyValueSpecification","valueRequired":true,"valueName":"search_term_string"}}],"inLanguage":"en-US"},{"@type":"Organization","@id":"https:\/\/zelb.md\/#organization","name":"ZELB","url":"https:\/\/zelb.md\/","logo":{"@type":"ImageObject","inLanguage":"en-US","@id":"https:\/\/zelb.md\/#\/schema\/logo\/image\/","url":"https:\/\/zelb.md\/wp-content\/uploads\/2018\/06\/zelb-logo-8-ani.png","contentUrl":"https:\/\/zelb.md\/wp-content\/uploads\/2018\/06\/zelb-logo-8-ani.png","width":255,"height":105,"caption":"ZELB"},"image":{"@id":"https:\/\/zelb.md\/#\/schema\/logo\/image\/"},"sameAs":["https:\/\/www.facebook.com\/zelbalti\/"]},{"@type":"Person","@id":"https:\/\/zelb.md\/#\/schema\/person\/4abdc37546080d574698a0afc03129a4","name":"info@zelb.md","image":{"@type":"ImageObject","inLanguage":"en-US","@id":"https:\/\/zelb.md\/#\/schema\/person\/image\/","url":"https:\/\/secure.gravatar.com\/avatar\/2193cf92b2c4f6991fa6e47baea91bfc?s=96&d=mm&r=g","contentUrl":"https:\/\/secure.gravatar.com\/avatar\/2193cf92b2c4f6991fa6e47baea91bfc?s=96&d=mm&r=g","caption":"info@zelb.md"},"url":"https:\/\/zelb.md\/en\/author\/infozelb-md\/"}]}},"_links":{"self":[{"href":"https:\/\/zelb.md\/en\/wp-json\/wp\/v2\/posts\/3910","targetHints":{"allow":["GET"]}}],"collection":[{"href":"https:\/\/zelb.md\/en\/wp-json\/wp\/v2\/posts"}],"about":[{"href":"https:\/\/zelb.md\/en\/wp-json\/wp\/v2\/types\/post"}],"author":[{"embeddable":true,"href":"https:\/\/zelb.md\/en\/wp-json\/wp\/v2\/users\/8"}],"replies":[{"embeddable":true,"href":"https:\/\/zelb.md\/en\/wp-json\/wp\/v2\/comments?post=3910"}],"version-history":[{"count":0,"href":"https:\/\/zelb.md\/en\/wp-json\/wp\/v2\/posts\/3910\/revisions"}],"wp:featuredmedia":[{"embeddable":true,"href":"https:\/\/zelb.md\/en\/wp-json\/wp\/v2\/media\/3315"}],"wp:attachment":[{"href":"https:\/\/zelb.md\/en\/wp-json\/wp\/v2\/media?parent=3910"}],"wp:term":[{"taxonomy":"category","embeddable":true,"href":"https:\/\/zelb.md\/en\/wp-json\/wp\/v2\/categories?post=3910"},{"taxonomy":"post_tag","embeddable":true,"href":"https:\/\/zelb.md\/en\/wp-json\/wp\/v2\/tags?post=3910"}],"curies":[{"name":"wp","href":"https:\/\/api.w.org\/{rel}","templated":true}]}}