{"id":3902,"date":"2018-06-15T12:55:50","date_gmt":"2018-06-15T10:55:50","guid":{"rendered":"https:\/\/zelb.md\/2018\/06\/15\/zel-balti-i-a-felicitat-si-premiat-pe-cei-mai-buni-stundenti-din-acest-an-ai-universitatii-de-stat-alecu-russo-din-balti\/"},"modified":"2018-06-15T12:55:50","modified_gmt":"2018-06-15T10:55:50","slug":"zel-balti-i-a-felicitat-si-premiat-pe-cei-mai-buni-stundenti-din-acest-an-ai-universitatii-de-stat-alecu-russo-din-balti","status":"publish","type":"post","link":"https:\/\/zelb.md\/en\/2018\/06\/15\/zel-balti-i-a-felicitat-si-premiat-pe-cei-mai-buni-stundenti-din-acest-an-ai-universitatii-de-stat-alecu-russo-din-balti\/","title":{"rendered":"ZEL \u201eB\u0103l\u021bi\u201d i-a felicitat \u0219i premiat pe cei mai buni stunden\u021bi din acest an ai Universit\u0103\u021bii de Stat \u201eAlecu Russo\u201d din B\u0103l\u021bi."},"content":{"rendered":"<p><em><strong><img loading=\"lazy\" decoding=\"async\" class=\"alignnone size-full wp-image-915\" src=\"http:\/\/zelb.md\/wp-content\/uploads\/2018\/07\/36063780_1078847405586872_8677067783239892992_o.jpg\" alt=\"\" width=\"1945\" height=\"1346\" srcset=\"https:\/\/zelb.md\/wp-content\/uploads\/2018\/07\/36063780_1078847405586872_8677067783239892992_o.jpg 1945w, https:\/\/zelb.md\/wp-content\/uploads\/2018\/07\/36063780_1078847405586872_8677067783239892992_o-300x208.jpg 300w, https:\/\/zelb.md\/wp-content\/uploads\/2018\/07\/36063780_1078847405586872_8677067783239892992_o-768x531.jpg 768w, https:\/\/zelb.md\/wp-content\/uploads\/2018\/07\/36063780_1078847405586872_8677067783239892992_o-1024x709.jpg 1024w, https:\/\/zelb.md\/wp-content\/uploads\/2018\/07\/36063780_1078847405586872_8677067783239892992_o-1320x913.jpg 1320w\" sizes=\"auto, (max-width: 1945px) 100vw, 1945px\" \/>Cei mai buni studen\u021bi absolven\u021bi ai Universit\u0103\u021bii de Stat \u201eAlecu Russo\u201d din B\u0103l\u021bi (USARB) au fost felicitita\u021bi \u0219i premia\u021bi ieri 14.06.2018 \u00een cadrul festivit\u0103\u021bii \u201e\u0218efi de Promo\u021bie 2018\u201d. Evenimentul a avut loc la B\u0103l\u021bi \u00een Sala Polivalent\u0103 a USARB. La ceremonia de decernare au participat rectorul Universit\u0103\u021bii, profesori, membrii ai Consiliului de Dezvoltare Strategic\u0103 Instu\u021bional\u0103 (CDSI) din cadrul USARB, studen\u021bi \u0219i oaspe\u021bi.<\/strong><\/em><\/p>\n<p>Zona Economic\u0103 Liber\u0103 \u201eB\u0103l\u021bi\u201d, \u00een calitatea sa de partener a USARB, a felicitat \u201e\u0218efii de Promo\u021bie 2018\u201d \u0219i le-a oferit \u00een dar c\u00e2te o biciclet\u0103 modern\u0103. Administratorul principal al ZEL \u201eB\u0103l\u021bi\u201d, dl Marin CIOBANU care de\u021bine totodat\u0103 \u0219i func\u021bia de Pre\u0219edinte al CDSI, de\u0219i n-a avut posibilitate s\u0103 onoreze cu prezen\u021ba sa la eveniment, a transmis celor mai buni studen\u021bi ai USAB ur\u0103ri de bine \u0219i \u00eenalt\u0103 apreciere pentru munca depus\u0103 \u0219i rezultatele frumoase ob\u021binute \u00een perioada academic\u0103.<\/p>\n<p>Printre premian\u021bi, se num\u0103r\u0103 Daniela Trinca, \u0219ef\u0103 de promo\u021bie 2018 a Facult\u0103\u021bii de Litere, Victor Dinescu, \u0219ef de promo\u021bie 2018 a Facult\u0103\u021bii de \u0218tiin\u021be Reale, Economice \u0219i ale Mediului, Irina Paiul, \u0219ef\u0103 de promo\u021bie 2018 a Facult\u0103\u021bii \u0218tiin\u021be ale Educa\u021biei, Psihologie \u0219i Arte \u0219i Mihaela Jumiga, \u0219ef\u0103 de promo\u021bie 2018 a Facult\u0103\u021bii de Drept \u0219i \u0218tiin\u021be Sociale.<\/p>\n<p><img loading=\"lazy\" decoding=\"async\" class=\"alignnone size-full wp-image-914\" src=\"http:\/\/zelb.md\/wp-content\/uploads\/2018\/07\/36062865_1078847512253528_5818304419644571648_o.jpg\" alt=\"\" width=\"1723\" height=\"1013\" srcset=\"https:\/\/zelb.md\/wp-content\/uploads\/2018\/07\/36062865_1078847512253528_5818304419644571648_o.jpg 1723w, https:\/\/zelb.md\/wp-content\/uploads\/2018\/07\/36062865_1078847512253528_5818304419644571648_o-300x176.jpg 300w, https:\/\/zelb.md\/wp-content\/uploads\/2018\/07\/36062865_1078847512253528_5818304419644571648_o-768x452.jpg 768w, https:\/\/zelb.md\/wp-content\/uploads\/2018\/07\/36062865_1078847512253528_5818304419644571648_o-1024x602.jpg 1024w, https:\/\/zelb.md\/wp-content\/uploads\/2018\/07\/36062865_1078847512253528_5818304419644571648_o-1320x776.jpg 1320w\" sizes=\"auto, (max-width: 1723px) 100vw, 1723px\" \/>Cei mai buni studen\u021bi absolven\u021bi a Universit\u0103\u021bii, li se ofer\u0103 titlul de \u201e\u0218ef de promo\u021bie\u201d pentru cele mai \u00eenalte performan\u021be academic \u0219i remarcare prin activitatea extracurricular\u0103 \u0219i \u0219tiin\u021bific\u0103. Evenimentul este oraganizat anual \u00eencep\u00e2nd cu anul 1996.<\/p>\n","protected":false},"excerpt":{"rendered":"<p>Cei mai buni studen\u021bi absolven\u021bi ai Universit\u0103\u021bii de Stat \u201eAlecu Russo\u201d din B\u0103l\u021bi (USARB) au fost felicitita\u021bi \u0219i premia\u021bi ieri 14.06.2018 \u00een cadrul festivit\u0103\u021bii \u201e\u0218efi de Promo\u021bie 2018\u201d. Evenimentul a avut loc la B\u0103l\u021bi \u00een Sala Polivalent\u0103 a USARB. La ceremonia de decernare au participat rectorul Universit\u0103\u021bii, profesori, membrii ai Consiliului de Dezvoltare Strategic\u0103 Instu\u021bional\u0103 [&hellip;]<\/p>\n","protected":false},"author":8,"featured_media":3319,"comment_status":"closed","ping_status":"open","sticky":false,"template":"","format":"standard","meta":{"footnotes":""},"categories":[75],"tags":[],"class_list":["post-3902","post","type-post","status-publish","format-standard","has-post-thumbnail","hentry","category-stiri-en"],"yoast_head":"<!-- This site is optimized with the Yoast SEO plugin v26.6 - https:\/\/yoast.com\/wordpress\/plugins\/seo\/ -->\n<title>ZEL \u201eB\u0103l\u021bi\u201d i-a felicitat \u0219i premiat pe cei mai buni stunden\u021bi din acest an ai Universit\u0103\u021bii de Stat \u201eAlecu Russo\u201d din B\u0103l\u021bi. - ZELB<\/title>\n<meta name=\"robots\" content=\"index, follow, max-snippet:-1, max-image-preview:large, max-video-preview:-1\" \/>\n<link rel=\"canonical\" href=\"https:\/\/zelb.md\/en\/2018\/06\/15\/zel-balti-i-a-felicitat-si-premiat-pe-cei-mai-buni-stundenti-din-acest-an-ai-universitatii-de-stat-alecu-russo-din-balti\/\" \/>\n<meta property=\"og:locale\" content=\"en_US\" \/>\n<meta property=\"og:type\" content=\"article\" \/>\n<meta property=\"og:title\" content=\"ZEL \u201eB\u0103l\u021bi\u201d i-a felicitat \u0219i premiat pe cei mai buni stunden\u021bi din acest an ai Universit\u0103\u021bii de Stat \u201eAlecu Russo\u201d din B\u0103l\u021bi. - ZELB\" \/>\n<meta property=\"og:description\" content=\"Cei mai buni studen\u021bi absolven\u021bi ai Universit\u0103\u021bii de Stat \u201eAlecu Russo\u201d din B\u0103l\u021bi (USARB) au fost felicitita\u021bi \u0219i premia\u021bi ieri 14.06.2018 \u00een cadrul festivit\u0103\u021bii \u201e\u0218efi de Promo\u021bie 2018\u201d. Evenimentul a avut loc la B\u0103l\u021bi \u00een Sala Polivalent\u0103 a USARB. La ceremonia de decernare au participat rectorul Universit\u0103\u021bii, profesori, membrii ai Consiliului de Dezvoltare Strategic\u0103 Instu\u021bional\u0103 [&hellip;]\" \/>\n<meta property=\"og:url\" content=\"https:\/\/zelb.md\/en\/2018\/06\/15\/zel-balti-i-a-felicitat-si-premiat-pe-cei-mai-buni-stundenti-din-acest-an-ai-universitatii-de-stat-alecu-russo-din-balti\/\" \/>\n<meta property=\"og:site_name\" content=\"ZELB\" \/>\n<meta property=\"article:publisher\" content=\"https:\/\/www.facebook.com\/zelbalti\/\" \/>\n<meta property=\"article:published_time\" content=\"2018-06-15T10:55:50+00:00\" \/>\n<meta property=\"og:image\" content=\"http:\/\/zelb.md\/wp-content\/uploads\/2018\/07\/36063780_1078847405586872_8677067783239892992_o.jpg\" \/>\n<meta name=\"author\" content=\"info@zelb.md\" \/>\n<meta name=\"twitter:card\" content=\"summary_large_image\" \/>\n<meta name=\"twitter:label1\" content=\"Written by\" \/>\n\t<meta name=\"twitter:data1\" content=\"info@zelb.md\" \/>\n\t<meta name=\"twitter:label2\" content=\"Est. reading time\" \/>\n\t<meta name=\"twitter:data2\" content=\"1 minute\" \/>\n<script type=\"application\/ld+json\" class=\"yoast-schema-graph\">{\"@context\":\"https:\/\/schema.org\",\"@graph\":[{\"@type\":\"Article\",\"@id\":\"https:\/\/zelb.md\/en\/2018\/06\/15\/zel-balti-i-a-felicitat-si-premiat-pe-cei-mai-buni-stundenti-din-acest-an-ai-universitatii-de-stat-alecu-russo-din-balti\/#article\",\"isPartOf\":{\"@id\":\"https:\/\/zelb.md\/en\/2018\/06\/15\/zel-balti-i-a-felicitat-si-premiat-pe-cei-mai-buni-stundenti-din-acest-an-ai-universitatii-de-stat-alecu-russo-din-balti\/\"},\"author\":{\"name\":\"info@zelb.md\",\"@id\":\"https:\/\/zelb.md\/#\/schema\/person\/4abdc37546080d574698a0afc03129a4\"},\"headline\":\"ZEL \u201eB\u0103l\u021bi\u201d i-a felicitat \u0219i premiat pe cei mai buni stunden\u021bi din acest an ai Universit\u0103\u021bii de Stat \u201eAlecu Russo\u201d din B\u0103l\u021bi.\",\"datePublished\":\"2018-06-15T10:55:50+00:00\",\"mainEntityOfPage\":{\"@id\":\"https:\/\/zelb.md\/en\/2018\/06\/15\/zel-balti-i-a-felicitat-si-premiat-pe-cei-mai-buni-stundenti-din-acest-an-ai-universitatii-de-stat-alecu-russo-din-balti\/\"},\"wordCount\":303,\"publisher\":{\"@id\":\"https:\/\/zelb.md\/#organization\"},\"image\":{\"@id\":\"https:\/\/zelb.md\/en\/2018\/06\/15\/zel-balti-i-a-felicitat-si-premiat-pe-cei-mai-buni-stundenti-din-acest-an-ai-universitatii-de-stat-alecu-russo-din-balti\/#primaryimage\"},\"thumbnailUrl\":\"https:\/\/zelb.md\/wp-content\/uploads\/2018\/07\/36063780_1078847405586872_8677067783239892992_o.jpg\",\"articleSection\":[\"\u015etiri\"],\"inLanguage\":\"en-US\"},{\"@type\":\"WebPage\",\"@id\":\"https:\/\/zelb.md\/en\/2018\/06\/15\/zel-balti-i-a-felicitat-si-premiat-pe-cei-mai-buni-stundenti-din-acest-an-ai-universitatii-de-stat-alecu-russo-din-balti\/\",\"url\":\"https:\/\/zelb.md\/en\/2018\/06\/15\/zel-balti-i-a-felicitat-si-premiat-pe-cei-mai-buni-stundenti-din-acest-an-ai-universitatii-de-stat-alecu-russo-din-balti\/\",\"name\":\"ZEL \u201eB\u0103l\u021bi\u201d i-a felicitat \u0219i premiat pe cei mai buni stunden\u021bi din acest an ai Universit\u0103\u021bii de Stat \u201eAlecu Russo\u201d din B\u0103l\u021bi. - ZELB\",\"isPartOf\":{\"@id\":\"https:\/\/zelb.md\/#website\"},\"primaryImageOfPage\":{\"@id\":\"https:\/\/zelb.md\/en\/2018\/06\/15\/zel-balti-i-a-felicitat-si-premiat-pe-cei-mai-buni-stundenti-din-acest-an-ai-universitatii-de-stat-alecu-russo-din-balti\/#primaryimage\"},\"image\":{\"@id\":\"https:\/\/zelb.md\/en\/2018\/06\/15\/zel-balti-i-a-felicitat-si-premiat-pe-cei-mai-buni-stundenti-din-acest-an-ai-universitatii-de-stat-alecu-russo-din-balti\/#primaryimage\"},\"thumbnailUrl\":\"https:\/\/zelb.md\/wp-content\/uploads\/2018\/07\/36063780_1078847405586872_8677067783239892992_o.jpg\",\"datePublished\":\"2018-06-15T10:55:50+00:00\",\"breadcrumb\":{\"@id\":\"https:\/\/zelb.md\/en\/2018\/06\/15\/zel-balti-i-a-felicitat-si-premiat-pe-cei-mai-buni-stundenti-din-acest-an-ai-universitatii-de-stat-alecu-russo-din-balti\/#breadcrumb\"},\"inLanguage\":\"en-US\",\"potentialAction\":[{\"@type\":\"ReadAction\",\"target\":[\"https:\/\/zelb.md\/en\/2018\/06\/15\/zel-balti-i-a-felicitat-si-premiat-pe-cei-mai-buni-stundenti-din-acest-an-ai-universitatii-de-stat-alecu-russo-din-balti\/\"]}]},{\"@type\":\"ImageObject\",\"inLanguage\":\"en-US\",\"@id\":\"https:\/\/zelb.md\/en\/2018\/06\/15\/zel-balti-i-a-felicitat-si-premiat-pe-cei-mai-buni-stundenti-din-acest-an-ai-universitatii-de-stat-alecu-russo-din-balti\/#primaryimage\",\"url\":\"https:\/\/zelb.md\/wp-content\/uploads\/2018\/07\/36063780_1078847405586872_8677067783239892992_o.jpg\",\"contentUrl\":\"https:\/\/zelb.md\/wp-content\/uploads\/2018\/07\/36063780_1078847405586872_8677067783239892992_o.jpg\",\"width\":1945,\"height\":1346},{\"@type\":\"BreadcrumbList\",\"@id\":\"https:\/\/zelb.md\/en\/2018\/06\/15\/zel-balti-i-a-felicitat-si-premiat-pe-cei-mai-buni-stundenti-din-acest-an-ai-universitatii-de-stat-alecu-russo-din-balti\/#breadcrumb\",\"itemListElement\":[{\"@type\":\"ListItem\",\"position\":1,\"name\":\"Prima pagin\u0103\",\"item\":\"https:\/\/zelb.md\/en\/\"},{\"@type\":\"ListItem\",\"position\":2,\"name\":\"ZEL \u201eB\u0103l\u021bi\u201d i-a felicitat \u0219i premiat pe cei mai buni stunden\u021bi din acest an ai Universit\u0103\u021bii de Stat \u201eAlecu Russo\u201d din B\u0103l\u021bi.\"}]},{\"@type\":\"WebSite\",\"@id\":\"https:\/\/zelb.md\/#website\",\"url\":\"https:\/\/zelb.md\/\",\"name\":\"ZELB\",\"description\":\"Zona Economic\u0103 Liber\u0103 B\u0103l\u0163i\",\"publisher\":{\"@id\":\"https:\/\/zelb.md\/#organization\"},\"potentialAction\":[{\"@type\":\"SearchAction\",\"target\":{\"@type\":\"EntryPoint\",\"urlTemplate\":\"https:\/\/zelb.md\/?s={search_term_string}\"},\"query-input\":{\"@type\":\"PropertyValueSpecification\",\"valueRequired\":true,\"valueName\":\"search_term_string\"}}],\"inLanguage\":\"en-US\"},{\"@type\":\"Organization\",\"@id\":\"https:\/\/zelb.md\/#organization\",\"name\":\"ZELB\",\"url\":\"https:\/\/zelb.md\/\",\"logo\":{\"@type\":\"ImageObject\",\"inLanguage\":\"en-US\",\"@id\":\"https:\/\/zelb.md\/#\/schema\/logo\/image\/\",\"url\":\"https:\/\/zelb.md\/wp-content\/uploads\/2018\/06\/zelb-logo-8-ani.png\",\"contentUrl\":\"https:\/\/zelb.md\/wp-content\/uploads\/2018\/06\/zelb-logo-8-ani.png\",\"width\":255,\"height\":105,\"caption\":\"ZELB\"},\"image\":{\"@id\":\"https:\/\/zelb.md\/#\/schema\/logo\/image\/\"},\"sameAs\":[\"https:\/\/www.facebook.com\/zelbalti\/\"]},{\"@type\":\"Person\",\"@id\":\"https:\/\/zelb.md\/#\/schema\/person\/4abdc37546080d574698a0afc03129a4\",\"name\":\"info@zelb.md\",\"image\":{\"@type\":\"ImageObject\",\"inLanguage\":\"en-US\",\"@id\":\"https:\/\/zelb.md\/#\/schema\/person\/image\/\",\"url\":\"https:\/\/secure.gravatar.com\/avatar\/2193cf92b2c4f6991fa6e47baea91bfc?s=96&d=mm&r=g\",\"contentUrl\":\"https:\/\/secure.gravatar.com\/avatar\/2193cf92b2c4f6991fa6e47baea91bfc?s=96&d=mm&r=g\",\"caption\":\"info@zelb.md\"},\"url\":\"https:\/\/zelb.md\/en\/author\/infozelb-md\/\"}]}<\/script>\n<!-- \/ Yoast SEO plugin. -->","yoast_head_json":{"title":"ZEL \u201eB\u0103l\u021bi\u201d i-a felicitat \u0219i premiat pe cei mai buni stunden\u021bi din acest an ai Universit\u0103\u021bii de Stat \u201eAlecu Russo\u201d din B\u0103l\u021bi. - ZELB","robots":{"index":"index","follow":"follow","max-snippet":"max-snippet:-1","max-image-preview":"max-image-preview:large","max-video-preview":"max-video-preview:-1"},"canonical":"https:\/\/zelb.md\/en\/2018\/06\/15\/zel-balti-i-a-felicitat-si-premiat-pe-cei-mai-buni-stundenti-din-acest-an-ai-universitatii-de-stat-alecu-russo-din-balti\/","og_locale":"en_US","og_type":"article","og_title":"ZEL \u201eB\u0103l\u021bi\u201d i-a felicitat \u0219i premiat pe cei mai buni stunden\u021bi din acest an ai Universit\u0103\u021bii de Stat \u201eAlecu Russo\u201d din B\u0103l\u021bi. - ZELB","og_description":"Cei mai buni studen\u021bi absolven\u021bi ai Universit\u0103\u021bii de Stat \u201eAlecu Russo\u201d din B\u0103l\u021bi (USARB) au fost felicitita\u021bi \u0219i premia\u021bi ieri 14.06.2018 \u00een cadrul festivit\u0103\u021bii \u201e\u0218efi de Promo\u021bie 2018\u201d. Evenimentul a avut loc la B\u0103l\u021bi \u00een Sala Polivalent\u0103 a USARB. La ceremonia de decernare au participat rectorul Universit\u0103\u021bii, profesori, membrii ai Consiliului de Dezvoltare Strategic\u0103 Instu\u021bional\u0103 [&hellip;]","og_url":"https:\/\/zelb.md\/en\/2018\/06\/15\/zel-balti-i-a-felicitat-si-premiat-pe-cei-mai-buni-stundenti-din-acest-an-ai-universitatii-de-stat-alecu-russo-din-balti\/","og_site_name":"ZELB","article_publisher":"https:\/\/www.facebook.com\/zelbalti\/","article_published_time":"2018-06-15T10:55:50+00:00","og_image":[{"url":"http:\/\/zelb.md\/wp-content\/uploads\/2018\/07\/36063780_1078847405586872_8677067783239892992_o.jpg","type":"","width":"","height":""}],"author":"info@zelb.md","twitter_card":"summary_large_image","twitter_misc":{"Written by":"info@zelb.md","Est. reading time":"1 minute"},"schema":{"@context":"https:\/\/schema.org","@graph":[{"@type":"Article","@id":"https:\/\/zelb.md\/en\/2018\/06\/15\/zel-balti-i-a-felicitat-si-premiat-pe-cei-mai-buni-stundenti-din-acest-an-ai-universitatii-de-stat-alecu-russo-din-balti\/#article","isPartOf":{"@id":"https:\/\/zelb.md\/en\/2018\/06\/15\/zel-balti-i-a-felicitat-si-premiat-pe-cei-mai-buni-stundenti-din-acest-an-ai-universitatii-de-stat-alecu-russo-din-balti\/"},"author":{"name":"info@zelb.md","@id":"https:\/\/zelb.md\/#\/schema\/person\/4abdc37546080d574698a0afc03129a4"},"headline":"ZEL \u201eB\u0103l\u021bi\u201d i-a felicitat \u0219i premiat pe cei mai buni stunden\u021bi din acest an ai Universit\u0103\u021bii de Stat \u201eAlecu Russo\u201d din B\u0103l\u021bi.","datePublished":"2018-06-15T10:55:50+00:00","mainEntityOfPage":{"@id":"https:\/\/zelb.md\/en\/2018\/06\/15\/zel-balti-i-a-felicitat-si-premiat-pe-cei-mai-buni-stundenti-din-acest-an-ai-universitatii-de-stat-alecu-russo-din-balti\/"},"wordCount":303,"publisher":{"@id":"https:\/\/zelb.md\/#organization"},"image":{"@id":"https:\/\/zelb.md\/en\/2018\/06\/15\/zel-balti-i-a-felicitat-si-premiat-pe-cei-mai-buni-stundenti-din-acest-an-ai-universitatii-de-stat-alecu-russo-din-balti\/#primaryimage"},"thumbnailUrl":"https:\/\/zelb.md\/wp-content\/uploads\/2018\/07\/36063780_1078847405586872_8677067783239892992_o.jpg","articleSection":["\u015etiri"],"inLanguage":"en-US"},{"@type":"WebPage","@id":"https:\/\/zelb.md\/en\/2018\/06\/15\/zel-balti-i-a-felicitat-si-premiat-pe-cei-mai-buni-stundenti-din-acest-an-ai-universitatii-de-stat-alecu-russo-din-balti\/","url":"https:\/\/zelb.md\/en\/2018\/06\/15\/zel-balti-i-a-felicitat-si-premiat-pe-cei-mai-buni-stundenti-din-acest-an-ai-universitatii-de-stat-alecu-russo-din-balti\/","name":"ZEL \u201eB\u0103l\u021bi\u201d i-a felicitat \u0219i premiat pe cei mai buni stunden\u021bi din acest an ai Universit\u0103\u021bii de Stat \u201eAlecu Russo\u201d din B\u0103l\u021bi. - ZELB","isPartOf":{"@id":"https:\/\/zelb.md\/#website"},"primaryImageOfPage":{"@id":"https:\/\/zelb.md\/en\/2018\/06\/15\/zel-balti-i-a-felicitat-si-premiat-pe-cei-mai-buni-stundenti-din-acest-an-ai-universitatii-de-stat-alecu-russo-din-balti\/#primaryimage"},"image":{"@id":"https:\/\/zelb.md\/en\/2018\/06\/15\/zel-balti-i-a-felicitat-si-premiat-pe-cei-mai-buni-stundenti-din-acest-an-ai-universitatii-de-stat-alecu-russo-din-balti\/#primaryimage"},"thumbnailUrl":"https:\/\/zelb.md\/wp-content\/uploads\/2018\/07\/36063780_1078847405586872_8677067783239892992_o.jpg","datePublished":"2018-06-15T10:55:50+00:00","breadcrumb":{"@id":"https:\/\/zelb.md\/en\/2018\/06\/15\/zel-balti-i-a-felicitat-si-premiat-pe-cei-mai-buni-stundenti-din-acest-an-ai-universitatii-de-stat-alecu-russo-din-balti\/#breadcrumb"},"inLanguage":"en-US","potentialAction":[{"@type":"ReadAction","target":["https:\/\/zelb.md\/en\/2018\/06\/15\/zel-balti-i-a-felicitat-si-premiat-pe-cei-mai-buni-stundenti-din-acest-an-ai-universitatii-de-stat-alecu-russo-din-balti\/"]}]},{"@type":"ImageObject","inLanguage":"en-US","@id":"https:\/\/zelb.md\/en\/2018\/06\/15\/zel-balti-i-a-felicitat-si-premiat-pe-cei-mai-buni-stundenti-din-acest-an-ai-universitatii-de-stat-alecu-russo-din-balti\/#primaryimage","url":"https:\/\/zelb.md\/wp-content\/uploads\/2018\/07\/36063780_1078847405586872_8677067783239892992_o.jpg","contentUrl":"https:\/\/zelb.md\/wp-content\/uploads\/2018\/07\/36063780_1078847405586872_8677067783239892992_o.jpg","width":1945,"height":1346},{"@type":"BreadcrumbList","@id":"https:\/\/zelb.md\/en\/2018\/06\/15\/zel-balti-i-a-felicitat-si-premiat-pe-cei-mai-buni-stundenti-din-acest-an-ai-universitatii-de-stat-alecu-russo-din-balti\/#breadcrumb","itemListElement":[{"@type":"ListItem","position":1,"name":"Prima pagin\u0103","item":"https:\/\/zelb.md\/en\/"},{"@type":"ListItem","position":2,"name":"ZEL \u201eB\u0103l\u021bi\u201d i-a felicitat \u0219i premiat pe cei mai buni stunden\u021bi din acest an ai Universit\u0103\u021bii de Stat \u201eAlecu Russo\u201d din B\u0103l\u021bi."}]},{"@type":"WebSite","@id":"https:\/\/zelb.md\/#website","url":"https:\/\/zelb.md\/","name":"ZELB","description":"Zona Economic\u0103 Liber\u0103 B\u0103l\u0163i","publisher":{"@id":"https:\/\/zelb.md\/#organization"},"potentialAction":[{"@type":"SearchAction","target":{"@type":"EntryPoint","urlTemplate":"https:\/\/zelb.md\/?s={search_term_string}"},"query-input":{"@type":"PropertyValueSpecification","valueRequired":true,"valueName":"search_term_string"}}],"inLanguage":"en-US"},{"@type":"Organization","@id":"https:\/\/zelb.md\/#organization","name":"ZELB","url":"https:\/\/zelb.md\/","logo":{"@type":"ImageObject","inLanguage":"en-US","@id":"https:\/\/zelb.md\/#\/schema\/logo\/image\/","url":"https:\/\/zelb.md\/wp-content\/uploads\/2018\/06\/zelb-logo-8-ani.png","contentUrl":"https:\/\/zelb.md\/wp-content\/uploads\/2018\/06\/zelb-logo-8-ani.png","width":255,"height":105,"caption":"ZELB"},"image":{"@id":"https:\/\/zelb.md\/#\/schema\/logo\/image\/"},"sameAs":["https:\/\/www.facebook.com\/zelbalti\/"]},{"@type":"Person","@id":"https:\/\/zelb.md\/#\/schema\/person\/4abdc37546080d574698a0afc03129a4","name":"info@zelb.md","image":{"@type":"ImageObject","inLanguage":"en-US","@id":"https:\/\/zelb.md\/#\/schema\/person\/image\/","url":"https:\/\/secure.gravatar.com\/avatar\/2193cf92b2c4f6991fa6e47baea91bfc?s=96&d=mm&r=g","contentUrl":"https:\/\/secure.gravatar.com\/avatar\/2193cf92b2c4f6991fa6e47baea91bfc?s=96&d=mm&r=g","caption":"info@zelb.md"},"url":"https:\/\/zelb.md\/en\/author\/infozelb-md\/"}]}},"_links":{"self":[{"href":"https:\/\/zelb.md\/en\/wp-json\/wp\/v2\/posts\/3902","targetHints":{"allow":["GET"]}}],"collection":[{"href":"https:\/\/zelb.md\/en\/wp-json\/wp\/v2\/posts"}],"about":[{"href":"https:\/\/zelb.md\/en\/wp-json\/wp\/v2\/types\/post"}],"author":[{"embeddable":true,"href":"https:\/\/zelb.md\/en\/wp-json\/wp\/v2\/users\/8"}],"replies":[{"embeddable":true,"href":"https:\/\/zelb.md\/en\/wp-json\/wp\/v2\/comments?post=3902"}],"version-history":[{"count":0,"href":"https:\/\/zelb.md\/en\/wp-json\/wp\/v2\/posts\/3902\/revisions"}],"wp:featuredmedia":[{"embeddable":true,"href":"https:\/\/zelb.md\/en\/wp-json\/wp\/v2\/media\/3319"}],"wp:attachment":[{"href":"https:\/\/zelb.md\/en\/wp-json\/wp\/v2\/media?parent=3902"}],"wp:term":[{"taxonomy":"category","embeddable":true,"href":"https:\/\/zelb.md\/en\/wp-json\/wp\/v2\/categories?post=3902"},{"taxonomy":"post_tag","embeddable":true,"href":"https:\/\/zelb.md\/en\/wp-json\/wp\/v2\/tags?post=3902"}],"curies":[{"name":"wp","href":"https:\/\/api.w.org\/{rel}","templated":true}]}}