{"id":3845,"date":"2019-08-25T14:40:40","date_gmt":"2019-08-25T12:40:40","guid":{"rendered":"https:\/\/zelb.md\/2019\/08\/25\/compania-germana-draxlmaier-isi-largeste-activitatea-in-moldova-creand-peste-1-500-locuri-noi-de-munca\/"},"modified":"2019-08-25T14:40:40","modified_gmt":"2019-08-25T12:40:40","slug":"compania-germana-draxlmaier-isi-largeste-activitatea-in-moldova-creand-peste-1-500-locuri-noi-de-munca","status":"publish","type":"post","link":"https:\/\/zelb.md\/en\/2019\/08\/25\/compania-germana-draxlmaier-isi-largeste-activitatea-in-moldova-creand-peste-1-500-locuri-noi-de-munca\/","title":{"rendered":"Compania german\u0103 Dr\u00e4xlmaier \u00ee\u0219i l\u0103rge\u0219te activitatea \u00een Moldova, cre\u00e2nd peste 1 500 locuri noi de munc\u0103"},"content":{"rendered":"<p style=\"font-weight: 400; text-align: justify;\"><span style=\"font-style: inherit; font-weight: inherit;\">Compania german\u0103 Dr\u00e4xlmaier a deschis azi 25 august 2019 la Cahul o nou\u0103 fabric\u0103. La inaugurare a participat Secretarul de stat al Ministerului Economiei \u0219i Infrastructurii, Alexandru Sonic. \u00cen cadrul evenimentului de deschidere, Alexandru Sonic a men\u021bionat c\u0103 Ministerul Economiei \u0219i Infrastructurii apreciaz\u0103 efortul investitorilor care dezvolt\u0103 capacit\u0103\u021bi locale \u0219i creeaz\u0103 noi locuri de munc\u0103 \u00een Republica Moldova.<\/span><\/p>\n<p style=\"font-weight: 400; text-align: justify;\"><span style=\"font-style: inherit; font-weight: inherit;\">\u201eVom dezvolta politici care asigur\u0103 condi\u021bii optime pentru dezvoltarea mediului de afaceri \u0219i atragerea investi\u021biilor str\u0103ine, \u0219i vom sus\u021bine to\u021bi investitorii pentru a atinge obiectivul nostru comun \u2013 extinderea businessurilor \u0219i cre\u0219terea capacit\u0103\u021bilor locale de producere cu valoare ad\u0103ugat\u0103 \u00eenalt\u0103\u201d, a declarat Secretarul de stat.<\/span><\/p>\n<p style=\"font-weight: 400; text-align: justify;\"><span style=\"font-style: inherit; font-weight: inherit;\">Prin aceast\u0103 investi\u021bie, produc\u0103torul de cabluri auto german \u00ee\u0219i consolideaz\u0103 prezen\u021ba \u00een \u021bara noastr\u0103, urm\u00e2nd s\u0103 dezvolte \u00een cadrul Zonei Economice Libere din Cahul un proiect investi\u021bional \u00een valoare total\u0103 de circa 30 milioane euro \u0219i care prevede crearea a 1500 locuri de munc\u0103.<\/span><\/p>\n<p style=\"font-weight: 400; text-align: justify;\"><span style=\"font-style: inherit; font-weight: inherit;\">Kai Mussmann, \u015fef de Opera\u021biuni SE Europa de Est, a apreciat buna cooperare cu autorit\u0103\u021bile Republicii Moldova. \u201eDatorit\u0103 experien\u021bei pozitive pe care o avem \u00een Moldova \u00een ultimii 12 ani, ne-a permis ca noi s\u0103 ne extindem \u00een sudul \u021b\u0103rii \u0219i s\u0103 ne promov\u0103m afacerea. Pe aproximativ 17.000 de m\u00b2, mai mult de 500 de angaja\u021bi sunt acum \u00een m\u0103sur\u0103 s\u0103 produc\u0103 cablaje electrice de \u00eenalt\u0103 calitate pentru produc\u0103torii de automobile. Num\u0103rul angaja\u021bilor va cre\u0219te \u00een urm\u0103torii ani, ceea ce ne va permite s\u0103 realiz\u0103m \u015fi alte proiecte\u201d.<\/span><\/p>\n<p style=\"font-weight: 400; text-align: justify;\"><span style=\"font-style: inherit; font-weight: inherit;\">\u00cen Moldova, compania Dr\u00e4xlmaier a venit \u00een 2007, c\u00e2nd a deschis prima hal\u0103 de producere \u00een cadrul Zonei Economice Libere B\u0103l\u0163i. Valoarea total\u0103 a investi\u021biilor realizate de c\u0103tre Dr\u00e4xlmaier Group \u00een cadrul Zonei Economice Libere B\u0103l\u021bi constituie circa 100 milioane dolari. Valoarea v\u00e2nz\u0103rilor nete a produc\u021biei industriale \u00een anul 2018 a constituit 4,5 miliarde lei. P\u00e2n\u0103 \u00een prezent, Dr\u00e4xlmaier a creat \u00een Republica Moldova \u00een total peste 6000 locuri noi de munc\u0103.<\/span><\/p>\n<p>&nbsp;<\/p>\n\n\t\t<style type=\"text\/css\">\n\t\t\t#gallery-1 {\n\t\t\t\tmargin: auto;\n\t\t\t}\n\t\t\t#gallery-1 .gallery-item {\n\t\t\t\tfloat: left;\n\t\t\t\tmargin-top: 10px;\n\t\t\t\ttext-align: center;\n\t\t\t\twidth: 50%;\n\t\t\t}\n\t\t\t#gallery-1 img {\n\t\t\t\tborder: 2px solid #cfcfcf;\n\t\t\t}\n\t\t\t#gallery-1 .gallery-caption {\n\t\t\t\tmargin-left: 0;\n\t\t\t}\n\t\t\t\/* see gallery_shortcode() in wp-includes\/media.php *\/\n\t\t<\/style>\n\t\t<div id='gallery-1' class='gallery galleryid-3845 gallery-columns-2 gallery-size-full'><dl class='gallery-item'>\n\t\t\t<dt class='gallery-icon landscape'>\n\t\t\t\t<a href='https:\/\/zelb.md\/en\/2019\/08\/25\/compania-germana-draxlmaier-isi-largeste-activitatea-in-moldova-creand-peste-1-500-locuri-noi-de-munca\/dra_2698-2\/'><img loading=\"lazy\" decoding=\"async\" width=\"5297\" height=\"4000\" src=\"https:\/\/zelb.md\/wp-content\/uploads\/2019\/09\/dra_2698.jpg\" class=\"attachment-full size-full\" alt=\"\" srcset=\"https:\/\/zelb.md\/wp-content\/uploads\/2019\/09\/dra_2698.jpg 5297w, https:\/\/zelb.md\/wp-content\/uploads\/2019\/09\/dra_2698-300x227.jpg 300w, https:\/\/zelb.md\/wp-content\/uploads\/2019\/09\/dra_2698-768x580.jpg 768w, https:\/\/zelb.md\/wp-content\/uploads\/2019\/09\/dra_2698-1024x773.jpg 1024w, https:\/\/zelb.md\/wp-content\/uploads\/2019\/09\/dra_2698-1320x997.jpg 1320w\" sizes=\"auto, (max-width: 5297px) 100vw, 5297px\" \/><\/a>\n\t\t\t<\/dt><\/dl><dl class='gallery-item'>\n\t\t\t<dt class='gallery-icon landscape'>\n\t\t\t\t<a href='https:\/\/zelb.md\/en\/2019\/08\/25\/compania-germana-draxlmaier-isi-largeste-activitatea-in-moldova-creand-peste-1-500-locuri-noi-de-munca\/dra_2674-2\/'><img loading=\"lazy\" decoding=\"async\" width=\"5728\" height=\"3981\" src=\"https:\/\/zelb.md\/wp-content\/uploads\/2019\/09\/dra_2674.jpg\" class=\"attachment-full size-full\" alt=\"\" srcset=\"https:\/\/zelb.md\/wp-content\/uploads\/2019\/09\/dra_2674.jpg 5728w, https:\/\/zelb.md\/wp-content\/uploads\/2019\/09\/dra_2674-300x209.jpg 300w, https:\/\/zelb.md\/wp-content\/uploads\/2019\/09\/dra_2674-768x534.jpg 768w, https:\/\/zelb.md\/wp-content\/uploads\/2019\/09\/dra_2674-1024x712.jpg 1024w, https:\/\/zelb.md\/wp-content\/uploads\/2019\/09\/dra_2674-1320x917.jpg 1320w\" sizes=\"auto, (max-width: 5728px) 100vw, 5728px\" \/><\/a>\n\t\t\t<\/dt><\/dl><br style=\"clear: both\" \/>\n\t\t<\/div>\n\n","protected":false},"excerpt":{"rendered":"<p>Compania german\u0103 Dr\u00e4xlmaier a deschis azi 25 august 2019 la Cahul o nou\u0103 fabric\u0103. La inaugurare a participat Secretarul de stat al Ministerului Economiei \u0219i Infrastructurii, Alexandru Sonic. \u00cen cadrul evenimentului de deschidere, Alexandru Sonic a men\u021bionat c\u0103 Ministerul Economiei \u0219i Infrastructurii apreciaz\u0103 efortul investitorilor care dezvolt\u0103 capacit\u0103\u021bi locale \u0219i creeaz\u0103 noi locuri de munc\u0103 [&hellip;]<\/p>\n","protected":false},"author":8,"featured_media":3447,"comment_status":"closed","ping_status":"open","sticky":false,"template":"","format":"standard","meta":{"footnotes":""},"categories":[75],"tags":[],"class_list":["post-3845","post","type-post","status-publish","format-standard","has-post-thumbnail","hentry","category-stiri-en"],"yoast_head":"<!-- This site is optimized with the Yoast SEO plugin v26.6 - https:\/\/yoast.com\/wordpress\/plugins\/seo\/ -->\n<title>Compania german\u0103 Dr\u00e4xlmaier \u00ee\u0219i l\u0103rge\u0219te activitatea \u00een Moldova, cre\u00e2nd peste 1 500 locuri noi de munc\u0103 - ZELB<\/title>\n<meta name=\"robots\" content=\"index, follow, max-snippet:-1, max-image-preview:large, max-video-preview:-1\" \/>\n<link rel=\"canonical\" href=\"https:\/\/zelb.md\/en\/2019\/08\/25\/compania-germana-draxlmaier-isi-largeste-activitatea-in-moldova-creand-peste-1-500-locuri-noi-de-munca\/\" \/>\n<meta property=\"og:locale\" content=\"en_US\" \/>\n<meta property=\"og:type\" content=\"article\" \/>\n<meta property=\"og:title\" content=\"Compania german\u0103 Dr\u00e4xlmaier \u00ee\u0219i l\u0103rge\u0219te activitatea \u00een Moldova, cre\u00e2nd peste 1 500 locuri noi de munc\u0103 - ZELB\" \/>\n<meta property=\"og:description\" content=\"Compania german\u0103 Dr\u00e4xlmaier a deschis azi 25 august 2019 la Cahul o nou\u0103 fabric\u0103. La inaugurare a participat Secretarul de stat al Ministerului Economiei \u0219i Infrastructurii, Alexandru Sonic. \u00cen cadrul evenimentului de deschidere, Alexandru Sonic a men\u021bionat c\u0103 Ministerul Economiei \u0219i Infrastructurii apreciaz\u0103 efortul investitorilor care dezvolt\u0103 capacit\u0103\u021bi locale \u0219i creeaz\u0103 noi locuri de munc\u0103 [&hellip;]\" \/>\n<meta property=\"og:url\" content=\"https:\/\/zelb.md\/en\/2019\/08\/25\/compania-germana-draxlmaier-isi-largeste-activitatea-in-moldova-creand-peste-1-500-locuri-noi-de-munca\/\" \/>\n<meta property=\"og:site_name\" content=\"ZELB\" \/>\n<meta property=\"article:publisher\" content=\"https:\/\/www.facebook.com\/zelbalti\/\" \/>\n<meta property=\"article:published_time\" content=\"2019-08-25T12:40:40+00:00\" \/>\n<meta property=\"og:image\" content=\"https:\/\/zelb.md\/wp-content\/uploads\/2019\/09\/dra_2698.jpg\" \/>\n<meta name=\"author\" content=\"info@zelb.md\" \/>\n<meta name=\"twitter:card\" content=\"summary_large_image\" \/>\n<meta name=\"twitter:label1\" content=\"Written by\" \/>\n\t<meta name=\"twitter:data1\" content=\"info@zelb.md\" \/>\n\t<meta name=\"twitter:label2\" content=\"Est. reading time\" \/>\n\t<meta name=\"twitter:data2\" content=\"2 minutes\" \/>\n<script type=\"application\/ld+json\" class=\"yoast-schema-graph\">{\"@context\":\"https:\/\/schema.org\",\"@graph\":[{\"@type\":\"Article\",\"@id\":\"https:\/\/zelb.md\/en\/2019\/08\/25\/compania-germana-draxlmaier-isi-largeste-activitatea-in-moldova-creand-peste-1-500-locuri-noi-de-munca\/#article\",\"isPartOf\":{\"@id\":\"https:\/\/zelb.md\/en\/2019\/08\/25\/compania-germana-draxlmaier-isi-largeste-activitatea-in-moldova-creand-peste-1-500-locuri-noi-de-munca\/\"},\"author\":{\"name\":\"info@zelb.md\",\"@id\":\"https:\/\/zelb.md\/#\/schema\/person\/4abdc37546080d574698a0afc03129a4\"},\"headline\":\"Compania german\u0103 Dr\u00e4xlmaier \u00ee\u0219i l\u0103rge\u0219te activitatea \u00een Moldova, cre\u00e2nd peste 1 500 locuri noi de munc\u0103\",\"datePublished\":\"2019-08-25T12:40:40+00:00\",\"mainEntityOfPage\":{\"@id\":\"https:\/\/zelb.md\/en\/2019\/08\/25\/compania-germana-draxlmaier-isi-largeste-activitatea-in-moldova-creand-peste-1-500-locuri-noi-de-munca\/\"},\"wordCount\":360,\"publisher\":{\"@id\":\"https:\/\/zelb.md\/#organization\"},\"image\":{\"@id\":\"https:\/\/zelb.md\/en\/2019\/08\/25\/compania-germana-draxlmaier-isi-largeste-activitatea-in-moldova-creand-peste-1-500-locuri-noi-de-munca\/#primaryimage\"},\"thumbnailUrl\":\"https:\/\/zelb.md\/wp-content\/uploads\/2019\/09\/dra_2644.jpg\",\"articleSection\":[\"\u015etiri\"],\"inLanguage\":\"en-US\"},{\"@type\":\"WebPage\",\"@id\":\"https:\/\/zelb.md\/en\/2019\/08\/25\/compania-germana-draxlmaier-isi-largeste-activitatea-in-moldova-creand-peste-1-500-locuri-noi-de-munca\/\",\"url\":\"https:\/\/zelb.md\/en\/2019\/08\/25\/compania-germana-draxlmaier-isi-largeste-activitatea-in-moldova-creand-peste-1-500-locuri-noi-de-munca\/\",\"name\":\"Compania german\u0103 Dr\u00e4xlmaier \u00ee\u0219i l\u0103rge\u0219te activitatea \u00een Moldova, cre\u00e2nd peste 1 500 locuri noi de munc\u0103 - ZELB\",\"isPartOf\":{\"@id\":\"https:\/\/zelb.md\/#website\"},\"primaryImageOfPage\":{\"@id\":\"https:\/\/zelb.md\/en\/2019\/08\/25\/compania-germana-draxlmaier-isi-largeste-activitatea-in-moldova-creand-peste-1-500-locuri-noi-de-munca\/#primaryimage\"},\"image\":{\"@id\":\"https:\/\/zelb.md\/en\/2019\/08\/25\/compania-germana-draxlmaier-isi-largeste-activitatea-in-moldova-creand-peste-1-500-locuri-noi-de-munca\/#primaryimage\"},\"thumbnailUrl\":\"https:\/\/zelb.md\/wp-content\/uploads\/2019\/09\/dra_2644.jpg\",\"datePublished\":\"2019-08-25T12:40:40+00:00\",\"breadcrumb\":{\"@id\":\"https:\/\/zelb.md\/en\/2019\/08\/25\/compania-germana-draxlmaier-isi-largeste-activitatea-in-moldova-creand-peste-1-500-locuri-noi-de-munca\/#breadcrumb\"},\"inLanguage\":\"en-US\",\"potentialAction\":[{\"@type\":\"ReadAction\",\"target\":[\"https:\/\/zelb.md\/en\/2019\/08\/25\/compania-germana-draxlmaier-isi-largeste-activitatea-in-moldova-creand-peste-1-500-locuri-noi-de-munca\/\"]}]},{\"@type\":\"ImageObject\",\"inLanguage\":\"en-US\",\"@id\":\"https:\/\/zelb.md\/en\/2019\/08\/25\/compania-germana-draxlmaier-isi-largeste-activitatea-in-moldova-creand-peste-1-500-locuri-noi-de-munca\/#primaryimage\",\"url\":\"https:\/\/zelb.md\/wp-content\/uploads\/2019\/09\/dra_2644.jpg\",\"contentUrl\":\"https:\/\/zelb.md\/wp-content\/uploads\/2019\/09\/dra_2644.jpg\",\"width\":5944,\"height\":3826},{\"@type\":\"BreadcrumbList\",\"@id\":\"https:\/\/zelb.md\/en\/2019\/08\/25\/compania-germana-draxlmaier-isi-largeste-activitatea-in-moldova-creand-peste-1-500-locuri-noi-de-munca\/#breadcrumb\",\"itemListElement\":[{\"@type\":\"ListItem\",\"position\":1,\"name\":\"Prima pagin\u0103\",\"item\":\"https:\/\/zelb.md\/en\/\"},{\"@type\":\"ListItem\",\"position\":2,\"name\":\"Compania german\u0103 Dr\u00e4xlmaier \u00ee\u0219i l\u0103rge\u0219te activitatea \u00een Moldova, cre\u00e2nd peste 1 500 locuri noi de munc\u0103\"}]},{\"@type\":\"WebSite\",\"@id\":\"https:\/\/zelb.md\/#website\",\"url\":\"https:\/\/zelb.md\/\",\"name\":\"ZELB\",\"description\":\"Zona Economic\u0103 Liber\u0103 B\u0103l\u0163i\",\"publisher\":{\"@id\":\"https:\/\/zelb.md\/#organization\"},\"potentialAction\":[{\"@type\":\"SearchAction\",\"target\":{\"@type\":\"EntryPoint\",\"urlTemplate\":\"https:\/\/zelb.md\/?s={search_term_string}\"},\"query-input\":{\"@type\":\"PropertyValueSpecification\",\"valueRequired\":true,\"valueName\":\"search_term_string\"}}],\"inLanguage\":\"en-US\"},{\"@type\":\"Organization\",\"@id\":\"https:\/\/zelb.md\/#organization\",\"name\":\"ZELB\",\"url\":\"https:\/\/zelb.md\/\",\"logo\":{\"@type\":\"ImageObject\",\"inLanguage\":\"en-US\",\"@id\":\"https:\/\/zelb.md\/#\/schema\/logo\/image\/\",\"url\":\"https:\/\/zelb.md\/wp-content\/uploads\/2018\/06\/zelb-logo-8-ani.png\",\"contentUrl\":\"https:\/\/zelb.md\/wp-content\/uploads\/2018\/06\/zelb-logo-8-ani.png\",\"width\":255,\"height\":105,\"caption\":\"ZELB\"},\"image\":{\"@id\":\"https:\/\/zelb.md\/#\/schema\/logo\/image\/\"},\"sameAs\":[\"https:\/\/www.facebook.com\/zelbalti\/\"]},{\"@type\":\"Person\",\"@id\":\"https:\/\/zelb.md\/#\/schema\/person\/4abdc37546080d574698a0afc03129a4\",\"name\":\"info@zelb.md\",\"image\":{\"@type\":\"ImageObject\",\"inLanguage\":\"en-US\",\"@id\":\"https:\/\/zelb.md\/#\/schema\/person\/image\/\",\"url\":\"https:\/\/secure.gravatar.com\/avatar\/2193cf92b2c4f6991fa6e47baea91bfc?s=96&d=mm&r=g\",\"contentUrl\":\"https:\/\/secure.gravatar.com\/avatar\/2193cf92b2c4f6991fa6e47baea91bfc?s=96&d=mm&r=g\",\"caption\":\"info@zelb.md\"},\"url\":\"https:\/\/zelb.md\/en\/author\/infozelb-md\/\"}]}<\/script>\n<!-- \/ Yoast SEO plugin. -->","yoast_head_json":{"title":"Compania german\u0103 Dr\u00e4xlmaier \u00ee\u0219i l\u0103rge\u0219te activitatea \u00een Moldova, cre\u00e2nd peste 1 500 locuri noi de munc\u0103 - ZELB","robots":{"index":"index","follow":"follow","max-snippet":"max-snippet:-1","max-image-preview":"max-image-preview:large","max-video-preview":"max-video-preview:-1"},"canonical":"https:\/\/zelb.md\/en\/2019\/08\/25\/compania-germana-draxlmaier-isi-largeste-activitatea-in-moldova-creand-peste-1-500-locuri-noi-de-munca\/","og_locale":"en_US","og_type":"article","og_title":"Compania german\u0103 Dr\u00e4xlmaier \u00ee\u0219i l\u0103rge\u0219te activitatea \u00een Moldova, cre\u00e2nd peste 1 500 locuri noi de munc\u0103 - ZELB","og_description":"Compania german\u0103 Dr\u00e4xlmaier a deschis azi 25 august 2019 la Cahul o nou\u0103 fabric\u0103. La inaugurare a participat Secretarul de stat al Ministerului Economiei \u0219i Infrastructurii, Alexandru Sonic. \u00cen cadrul evenimentului de deschidere, Alexandru Sonic a men\u021bionat c\u0103 Ministerul Economiei \u0219i Infrastructurii apreciaz\u0103 efortul investitorilor care dezvolt\u0103 capacit\u0103\u021bi locale \u0219i creeaz\u0103 noi locuri de munc\u0103 [&hellip;]","og_url":"https:\/\/zelb.md\/en\/2019\/08\/25\/compania-germana-draxlmaier-isi-largeste-activitatea-in-moldova-creand-peste-1-500-locuri-noi-de-munca\/","og_site_name":"ZELB","article_publisher":"https:\/\/www.facebook.com\/zelbalti\/","article_published_time":"2019-08-25T12:40:40+00:00","og_image":[{"url":"https:\/\/zelb.md\/wp-content\/uploads\/2019\/09\/dra_2698.jpg","type":"","width":"","height":""}],"author":"info@zelb.md","twitter_card":"summary_large_image","twitter_misc":{"Written by":"info@zelb.md","Est. reading time":"2 minutes"},"schema":{"@context":"https:\/\/schema.org","@graph":[{"@type":"Article","@id":"https:\/\/zelb.md\/en\/2019\/08\/25\/compania-germana-draxlmaier-isi-largeste-activitatea-in-moldova-creand-peste-1-500-locuri-noi-de-munca\/#article","isPartOf":{"@id":"https:\/\/zelb.md\/en\/2019\/08\/25\/compania-germana-draxlmaier-isi-largeste-activitatea-in-moldova-creand-peste-1-500-locuri-noi-de-munca\/"},"author":{"name":"info@zelb.md","@id":"https:\/\/zelb.md\/#\/schema\/person\/4abdc37546080d574698a0afc03129a4"},"headline":"Compania german\u0103 Dr\u00e4xlmaier \u00ee\u0219i l\u0103rge\u0219te activitatea \u00een Moldova, cre\u00e2nd peste 1 500 locuri noi de munc\u0103","datePublished":"2019-08-25T12:40:40+00:00","mainEntityOfPage":{"@id":"https:\/\/zelb.md\/en\/2019\/08\/25\/compania-germana-draxlmaier-isi-largeste-activitatea-in-moldova-creand-peste-1-500-locuri-noi-de-munca\/"},"wordCount":360,"publisher":{"@id":"https:\/\/zelb.md\/#organization"},"image":{"@id":"https:\/\/zelb.md\/en\/2019\/08\/25\/compania-germana-draxlmaier-isi-largeste-activitatea-in-moldova-creand-peste-1-500-locuri-noi-de-munca\/#primaryimage"},"thumbnailUrl":"https:\/\/zelb.md\/wp-content\/uploads\/2019\/09\/dra_2644.jpg","articleSection":["\u015etiri"],"inLanguage":"en-US"},{"@type":"WebPage","@id":"https:\/\/zelb.md\/en\/2019\/08\/25\/compania-germana-draxlmaier-isi-largeste-activitatea-in-moldova-creand-peste-1-500-locuri-noi-de-munca\/","url":"https:\/\/zelb.md\/en\/2019\/08\/25\/compania-germana-draxlmaier-isi-largeste-activitatea-in-moldova-creand-peste-1-500-locuri-noi-de-munca\/","name":"Compania german\u0103 Dr\u00e4xlmaier \u00ee\u0219i l\u0103rge\u0219te activitatea \u00een Moldova, cre\u00e2nd peste 1 500 locuri noi de munc\u0103 - ZELB","isPartOf":{"@id":"https:\/\/zelb.md\/#website"},"primaryImageOfPage":{"@id":"https:\/\/zelb.md\/en\/2019\/08\/25\/compania-germana-draxlmaier-isi-largeste-activitatea-in-moldova-creand-peste-1-500-locuri-noi-de-munca\/#primaryimage"},"image":{"@id":"https:\/\/zelb.md\/en\/2019\/08\/25\/compania-germana-draxlmaier-isi-largeste-activitatea-in-moldova-creand-peste-1-500-locuri-noi-de-munca\/#primaryimage"},"thumbnailUrl":"https:\/\/zelb.md\/wp-content\/uploads\/2019\/09\/dra_2644.jpg","datePublished":"2019-08-25T12:40:40+00:00","breadcrumb":{"@id":"https:\/\/zelb.md\/en\/2019\/08\/25\/compania-germana-draxlmaier-isi-largeste-activitatea-in-moldova-creand-peste-1-500-locuri-noi-de-munca\/#breadcrumb"},"inLanguage":"en-US","potentialAction":[{"@type":"ReadAction","target":["https:\/\/zelb.md\/en\/2019\/08\/25\/compania-germana-draxlmaier-isi-largeste-activitatea-in-moldova-creand-peste-1-500-locuri-noi-de-munca\/"]}]},{"@type":"ImageObject","inLanguage":"en-US","@id":"https:\/\/zelb.md\/en\/2019\/08\/25\/compania-germana-draxlmaier-isi-largeste-activitatea-in-moldova-creand-peste-1-500-locuri-noi-de-munca\/#primaryimage","url":"https:\/\/zelb.md\/wp-content\/uploads\/2019\/09\/dra_2644.jpg","contentUrl":"https:\/\/zelb.md\/wp-content\/uploads\/2019\/09\/dra_2644.jpg","width":5944,"height":3826},{"@type":"BreadcrumbList","@id":"https:\/\/zelb.md\/en\/2019\/08\/25\/compania-germana-draxlmaier-isi-largeste-activitatea-in-moldova-creand-peste-1-500-locuri-noi-de-munca\/#breadcrumb","itemListElement":[{"@type":"ListItem","position":1,"name":"Prima pagin\u0103","item":"https:\/\/zelb.md\/en\/"},{"@type":"ListItem","position":2,"name":"Compania german\u0103 Dr\u00e4xlmaier \u00ee\u0219i l\u0103rge\u0219te activitatea \u00een Moldova, cre\u00e2nd peste 1 500 locuri noi de munc\u0103"}]},{"@type":"WebSite","@id":"https:\/\/zelb.md\/#website","url":"https:\/\/zelb.md\/","name":"ZELB","description":"Zona Economic\u0103 Liber\u0103 B\u0103l\u0163i","publisher":{"@id":"https:\/\/zelb.md\/#organization"},"potentialAction":[{"@type":"SearchAction","target":{"@type":"EntryPoint","urlTemplate":"https:\/\/zelb.md\/?s={search_term_string}"},"query-input":{"@type":"PropertyValueSpecification","valueRequired":true,"valueName":"search_term_string"}}],"inLanguage":"en-US"},{"@type":"Organization","@id":"https:\/\/zelb.md\/#organization","name":"ZELB","url":"https:\/\/zelb.md\/","logo":{"@type":"ImageObject","inLanguage":"en-US","@id":"https:\/\/zelb.md\/#\/schema\/logo\/image\/","url":"https:\/\/zelb.md\/wp-content\/uploads\/2018\/06\/zelb-logo-8-ani.png","contentUrl":"https:\/\/zelb.md\/wp-content\/uploads\/2018\/06\/zelb-logo-8-ani.png","width":255,"height":105,"caption":"ZELB"},"image":{"@id":"https:\/\/zelb.md\/#\/schema\/logo\/image\/"},"sameAs":["https:\/\/www.facebook.com\/zelbalti\/"]},{"@type":"Person","@id":"https:\/\/zelb.md\/#\/schema\/person\/4abdc37546080d574698a0afc03129a4","name":"info@zelb.md","image":{"@type":"ImageObject","inLanguage":"en-US","@id":"https:\/\/zelb.md\/#\/schema\/person\/image\/","url":"https:\/\/secure.gravatar.com\/avatar\/2193cf92b2c4f6991fa6e47baea91bfc?s=96&d=mm&r=g","contentUrl":"https:\/\/secure.gravatar.com\/avatar\/2193cf92b2c4f6991fa6e47baea91bfc?s=96&d=mm&r=g","caption":"info@zelb.md"},"url":"https:\/\/zelb.md\/en\/author\/infozelb-md\/"}]}},"_links":{"self":[{"href":"https:\/\/zelb.md\/en\/wp-json\/wp\/v2\/posts\/3845","targetHints":{"allow":["GET"]}}],"collection":[{"href":"https:\/\/zelb.md\/en\/wp-json\/wp\/v2\/posts"}],"about":[{"href":"https:\/\/zelb.md\/en\/wp-json\/wp\/v2\/types\/post"}],"author":[{"embeddable":true,"href":"https:\/\/zelb.md\/en\/wp-json\/wp\/v2\/users\/8"}],"replies":[{"embeddable":true,"href":"https:\/\/zelb.md\/en\/wp-json\/wp\/v2\/comments?post=3845"}],"version-history":[{"count":0,"href":"https:\/\/zelb.md\/en\/wp-json\/wp\/v2\/posts\/3845\/revisions"}],"wp:featuredmedia":[{"embeddable":true,"href":"https:\/\/zelb.md\/en\/wp-json\/wp\/v2\/media\/3447"}],"wp:attachment":[{"href":"https:\/\/zelb.md\/en\/wp-json\/wp\/v2\/media?parent=3845"}],"wp:term":[{"taxonomy":"category","embeddable":true,"href":"https:\/\/zelb.md\/en\/wp-json\/wp\/v2\/categories?post=3845"},{"taxonomy":"post_tag","embeddable":true,"href":"https:\/\/zelb.md\/en\/wp-json\/wp\/v2\/tags?post=3845"}],"curies":[{"name":"wp","href":"https:\/\/api.w.org\/{rel}","templated":true}]}}