{"id":3837,"date":"2019-12-07T16:59:56","date_gmt":"2019-12-07T14:59:56","guid":{"rendered":"https:\/\/zelb.md\/2019\/12\/07\/premierul-la-zel-balti-guvernul-este-dispus-sa-creeze-conditii-favorabile-pentru-atragerea-investitorilor-stim-ce-trebuie-de-facut\/"},"modified":"2019-12-07T16:59:56","modified_gmt":"2019-12-07T14:59:56","slug":"premierul-la-zel-balti-guvernul-este-dispus-sa-creeze-conditii-favorabile-pentru-atragerea-investitorilor-stim-ce-trebuie-de-facut","status":"publish","type":"post","link":"https:\/\/zelb.md\/en\/2019\/12\/07\/premierul-la-zel-balti-guvernul-este-dispus-sa-creeze-conditii-favorabile-pentru-atragerea-investitorilor-stim-ce-trebuie-de-facut\/","title":{"rendered":"Premierul, la ZEL B\u0103l\u021bi: \u201eGuvernul este dispus s\u0103 creeze condi\u021bii favorabile pentru atragerea investitorilor. \u0218tim ce trebuie de f\u0103cut\u201d"},"content":{"rendered":"<p style=\"text-align: justify;\">Aflat la Zona Economic\u0103 Liber\u0103 B\u0103l\u021bi, premierul Ion Chicu a vizitat fabricile de producere a dou\u0103 companii rezidente: Dr\u00e4xlmaier, cu investi\u021bii germane, \u0219i Gebauer &amp; Griller \u2013 cu capital austriac. Ambele \u00eentreprinderi sunt produc\u0103toare de cablaje industriale.<\/p>\n<p style=\"text-align: justify;\">Compania Dr\u00e4xlmaier este cel mai mare investitor \u00een ZEL B\u0103l\u021bi \u0219i este specializat\u0103 \u00een producerea cablajelor auto pentru industria automotive.<\/p>\n<p style=\"text-align: justify;\">Prim-ministrul a discutat cu managementul companiilor despre cum decurge dezvoltarea afacerilor investitorilor, dar \u0219i provoc\u0103rile care le confrunt\u0103. \u0218eful Executivului s-a ar\u0103tat interesat s\u0103 cunoasc\u0103 cum Guvernul poate s\u0103 sus\u021bin\u0103 dezvoltarea sectorului industrial, astfel \u00eenc\u00e2t Republica Moldova s\u0103 devin\u0103 un laborator de creare a produselor cu valoare ad\u0103ugat\u0103 \u00eenalt\u0103.<\/p>\n<p style=\"text-align: justify;\">\u201eGuvernul este dispus s\u0103 creeze condi\u021bii favorabile pentru atragerea investitorilor. \u0218tim ce trebuie d\u0103 f\u0103cut pentru asta, dar vrem s\u0103 reset\u0103m agenda noastr\u0103 de m\u0103suri \u00een conformitate cu necesit\u0103\u021bile agen\u021bilor economici. Vedem prima experien\u021b\u0103 \u0219i aceasta ne serve\u0219te ca o baz\u0103 pentru atragerea altor investitori \u00een regiune&#8221;, a spus Ion Chicu.<\/p>\n<p style=\"text-align: justify;\">Prim-ministrul a mai accentuat c\u0103 dezvoltarea proiectelor industriale \u00een \u021bar\u0103 ar determina moldovenii s\u0103 nu plece peste hotare, ba chiar s\u0103 se re\u00eentoarc\u0103 acas\u0103. \u201eCred c\u0103 platformele industriale \u0219i inginerii din Moldova sunt preg\u0103ti\u021bi s\u0103 contribuie la elaborarea produselor \u0219i tehnologiilor noi. Guvernul se g\u00e2nde\u0219te la asta \u0219i suntem foarte interesa\u021bi s\u0103 cunoa\u0219tem cum putem sus\u021bine a\u0219a ini\u021biative. Suntem siguri c\u0103 mii de moldoveni vor reveni acas\u0103 c\u00e2nd vor \u0219ti c\u0103 sunt locuri de munc\u0103 l\u00e2ng\u0103 casele lor.\u201d<\/p>\n<p style=\"text-align: justify;\">Men\u021bion\u0103m c\u0103 \u00eentreprinderea Dr\u00e4xlmaier a creat p\u00e2n\u0103 \u00een prezent peste 6 mii de locuri de munc\u0103 \u00een toat\u0103 \u021bara, iar compania Gebauer&amp;Griller are la moment peste 100 de angaja\u021bi.<\/p>\n<p style=\"text-align: right;\"><em>Sursa:<\/em> www.gov.md<\/p>\n\n\t\t<style type=\"text\/css\">\n\t\t\t#gallery-1 {\n\t\t\t\tmargin: auto;\n\t\t\t}\n\t\t\t#gallery-1 .gallery-item {\n\t\t\t\tfloat: left;\n\t\t\t\tmargin-top: 10px;\n\t\t\t\ttext-align: center;\n\t\t\t\twidth: 20%;\n\t\t\t}\n\t\t\t#gallery-1 img {\n\t\t\t\tborder: 2px solid #cfcfcf;\n\t\t\t}\n\t\t\t#gallery-1 .gallery-caption {\n\t\t\t\tmargin-left: 0;\n\t\t\t}\n\t\t\t\/* see gallery_shortcode() in wp-includes\/media.php *\/\n\t\t<\/style>\n\t\t<div id='gallery-1' class='gallery galleryid-3837 gallery-columns-5 gallery-size-large'><dl class='gallery-item'>\n\t\t\t<dt class='gallery-icon landscape'>\n\t\t\t\t<a href='https:\/\/zelb.md\/wp-content\/uploads\/2019\/12\/20191207-_m3_0518.jpg'><img loading=\"lazy\" decoding=\"async\" width=\"900\" height=\"600\" src=\"https:\/\/zelb.md\/wp-content\/uploads\/2019\/12\/20191207-_m3_0518-1024x683.jpg\" class=\"attachment-large size-large\" alt=\"\" srcset=\"https:\/\/zelb.md\/wp-content\/uploads\/2019\/12\/20191207-_m3_0518-1024x683.jpg 1024w, https:\/\/zelb.md\/wp-content\/uploads\/2019\/12\/20191207-_m3_0518-300x200.jpg 300w, https:\/\/zelb.md\/wp-content\/uploads\/2019\/12\/20191207-_m3_0518-768x512.jpg 768w, https:\/\/zelb.md\/wp-content\/uploads\/2019\/12\/20191207-_m3_0518-1320x880.jpg 1320w, https:\/\/zelb.md\/wp-content\/uploads\/2019\/12\/20191207-_m3_0518.jpg 1600w\" sizes=\"auto, (max-width: 900px) 100vw, 900px\" \/><\/a>\n\t\t\t<\/dt><\/dl><dl class='gallery-item'>\n\t\t\t<dt class='gallery-icon landscape'>\n\t\t\t\t<a href='https:\/\/zelb.md\/wp-content\/uploads\/2019\/12\/20191207-_m3_0530.jpg'><img loading=\"lazy\" decoding=\"async\" width=\"900\" height=\"600\" src=\"https:\/\/zelb.md\/wp-content\/uploads\/2019\/12\/20191207-_m3_0530-1024x683.jpg\" class=\"attachment-large size-large\" alt=\"\" srcset=\"https:\/\/zelb.md\/wp-content\/uploads\/2019\/12\/20191207-_m3_0530-1024x683.jpg 1024w, https:\/\/zelb.md\/wp-content\/uploads\/2019\/12\/20191207-_m3_0530-300x200.jpg 300w, https:\/\/zelb.md\/wp-content\/uploads\/2019\/12\/20191207-_m3_0530-768x512.jpg 768w, https:\/\/zelb.md\/wp-content\/uploads\/2019\/12\/20191207-_m3_0530-1320x880.jpg 1320w, https:\/\/zelb.md\/wp-content\/uploads\/2019\/12\/20191207-_m3_0530.jpg 1600w\" sizes=\"auto, (max-width: 900px) 100vw, 900px\" \/><\/a>\n\t\t\t<\/dt><\/dl><dl class='gallery-item'>\n\t\t\t<dt class='gallery-icon landscape'>\n\t\t\t\t<a href='https:\/\/zelb.md\/wp-content\/uploads\/2019\/12\/20191207-_m3_0533.jpg'><img loading=\"lazy\" decoding=\"async\" width=\"900\" height=\"600\" src=\"https:\/\/zelb.md\/wp-content\/uploads\/2019\/12\/20191207-_m3_0533-1024x683.jpg\" class=\"attachment-large size-large\" alt=\"\" srcset=\"https:\/\/zelb.md\/wp-content\/uploads\/2019\/12\/20191207-_m3_0533-1024x683.jpg 1024w, https:\/\/zelb.md\/wp-content\/uploads\/2019\/12\/20191207-_m3_0533-300x200.jpg 300w, https:\/\/zelb.md\/wp-content\/uploads\/2019\/12\/20191207-_m3_0533-768x512.jpg 768w, https:\/\/zelb.md\/wp-content\/uploads\/2019\/12\/20191207-_m3_0533-1320x880.jpg 1320w, https:\/\/zelb.md\/wp-content\/uploads\/2019\/12\/20191207-_m3_0533.jpg 1600w\" sizes=\"auto, (max-width: 900px) 100vw, 900px\" \/><\/a>\n\t\t\t<\/dt><\/dl><dl class='gallery-item'>\n\t\t\t<dt class='gallery-icon landscape'>\n\t\t\t\t<a href='https:\/\/zelb.md\/wp-content\/uploads\/2019\/12\/20191207-_m3_0544.jpg'><img loading=\"lazy\" decoding=\"async\" width=\"900\" height=\"600\" src=\"https:\/\/zelb.md\/wp-content\/uploads\/2019\/12\/20191207-_m3_0544-1024x683.jpg\" class=\"attachment-large size-large\" alt=\"\" srcset=\"https:\/\/zelb.md\/wp-content\/uploads\/2019\/12\/20191207-_m3_0544-1024x683.jpg 1024w, https:\/\/zelb.md\/wp-content\/uploads\/2019\/12\/20191207-_m3_0544-300x200.jpg 300w, https:\/\/zelb.md\/wp-content\/uploads\/2019\/12\/20191207-_m3_0544-768x512.jpg 768w, https:\/\/zelb.md\/wp-content\/uploads\/2019\/12\/20191207-_m3_0544-1320x880.jpg 1320w, https:\/\/zelb.md\/wp-content\/uploads\/2019\/12\/20191207-_m3_0544.jpg 1600w\" sizes=\"auto, (max-width: 900px) 100vw, 900px\" \/><\/a>\n\t\t\t<\/dt><\/dl><dl class='gallery-item'>\n\t\t\t<dt class='gallery-icon landscape'>\n\t\t\t\t<a href='https:\/\/zelb.md\/wp-content\/uploads\/2019\/12\/20191207-_m3_0547.jpg'><img loading=\"lazy\" decoding=\"async\" width=\"900\" height=\"600\" src=\"https:\/\/zelb.md\/wp-content\/uploads\/2019\/12\/20191207-_m3_0547-1024x683.jpg\" class=\"attachment-large size-large\" alt=\"\" srcset=\"https:\/\/zelb.md\/wp-content\/uploads\/2019\/12\/20191207-_m3_0547-1024x683.jpg 1024w, https:\/\/zelb.md\/wp-content\/uploads\/2019\/12\/20191207-_m3_0547-300x200.jpg 300w, https:\/\/zelb.md\/wp-content\/uploads\/2019\/12\/20191207-_m3_0547-768x512.jpg 768w, https:\/\/zelb.md\/wp-content\/uploads\/2019\/12\/20191207-_m3_0547-1320x880.jpg 1320w, https:\/\/zelb.md\/wp-content\/uploads\/2019\/12\/20191207-_m3_0547.jpg 1600w\" sizes=\"auto, (max-width: 900px) 100vw, 900px\" \/><\/a>\n\t\t\t<\/dt><\/dl><br style=\"clear: both\" \/><dl class='gallery-item'>\n\t\t\t<dt class='gallery-icon landscape'>\n\t\t\t\t<a href='https:\/\/zelb.md\/wp-content\/uploads\/2019\/12\/20191207-_m3_0566.jpg'><img loading=\"lazy\" decoding=\"async\" width=\"900\" height=\"600\" src=\"https:\/\/zelb.md\/wp-content\/uploads\/2019\/12\/20191207-_m3_0566-1024x683.jpg\" class=\"attachment-large size-large\" alt=\"\" srcset=\"https:\/\/zelb.md\/wp-content\/uploads\/2019\/12\/20191207-_m3_0566-1024x683.jpg 1024w, https:\/\/zelb.md\/wp-content\/uploads\/2019\/12\/20191207-_m3_0566-300x200.jpg 300w, https:\/\/zelb.md\/wp-content\/uploads\/2019\/12\/20191207-_m3_0566-768x512.jpg 768w, https:\/\/zelb.md\/wp-content\/uploads\/2019\/12\/20191207-_m3_0566-1320x880.jpg 1320w, https:\/\/zelb.md\/wp-content\/uploads\/2019\/12\/20191207-_m3_0566.jpg 1600w\" sizes=\"auto, (max-width: 900px) 100vw, 900px\" \/><\/a>\n\t\t\t<\/dt><\/dl><dl class='gallery-item'>\n\t\t\t<dt class='gallery-icon landscape'>\n\t\t\t\t<a href='https:\/\/zelb.md\/wp-content\/uploads\/2019\/12\/20191207-_m3_0573.jpg'><img loading=\"lazy\" decoding=\"async\" width=\"900\" height=\"600\" src=\"https:\/\/zelb.md\/wp-content\/uploads\/2019\/12\/20191207-_m3_0573-1024x683.jpg\" class=\"attachment-large size-large\" alt=\"\" srcset=\"https:\/\/zelb.md\/wp-content\/uploads\/2019\/12\/20191207-_m3_0573-1024x683.jpg 1024w, https:\/\/zelb.md\/wp-content\/uploads\/2019\/12\/20191207-_m3_0573-300x200.jpg 300w, https:\/\/zelb.md\/wp-content\/uploads\/2019\/12\/20191207-_m3_0573-768x512.jpg 768w, https:\/\/zelb.md\/wp-content\/uploads\/2019\/12\/20191207-_m3_0573-1320x880.jpg 1320w, https:\/\/zelb.md\/wp-content\/uploads\/2019\/12\/20191207-_m3_0573.jpg 1600w\" sizes=\"auto, (max-width: 900px) 100vw, 900px\" \/><\/a>\n\t\t\t<\/dt><\/dl><dl class='gallery-item'>\n\t\t\t<dt class='gallery-icon landscape'>\n\t\t\t\t<a href='https:\/\/zelb.md\/wp-content\/uploads\/2019\/12\/20191207-_m4_7742.jpg'><img loading=\"lazy\" decoding=\"async\" width=\"900\" height=\"600\" src=\"https:\/\/zelb.md\/wp-content\/uploads\/2019\/12\/20191207-_m4_7742-1024x683.jpg\" class=\"attachment-large size-large\" alt=\"\" srcset=\"https:\/\/zelb.md\/wp-content\/uploads\/2019\/12\/20191207-_m4_7742-1024x683.jpg 1024w, https:\/\/zelb.md\/wp-content\/uploads\/2019\/12\/20191207-_m4_7742-300x200.jpg 300w, https:\/\/zelb.md\/wp-content\/uploads\/2019\/12\/20191207-_m4_7742-768x512.jpg 768w, https:\/\/zelb.md\/wp-content\/uploads\/2019\/12\/20191207-_m4_7742-1320x880.jpg 1320w, https:\/\/zelb.md\/wp-content\/uploads\/2019\/12\/20191207-_m4_7742.jpg 1600w\" sizes=\"auto, (max-width: 900px) 100vw, 900px\" \/><\/a>\n\t\t\t<\/dt><\/dl><dl class='gallery-item'>\n\t\t\t<dt class='gallery-icon landscape'>\n\t\t\t\t<a href='https:\/\/zelb.md\/wp-content\/uploads\/2019\/12\/20191207-_m4_7764.jpg'><img loading=\"lazy\" decoding=\"async\" width=\"900\" height=\"600\" src=\"https:\/\/zelb.md\/wp-content\/uploads\/2019\/12\/20191207-_m4_7764-1024x683.jpg\" class=\"attachment-large size-large\" alt=\"\" srcset=\"https:\/\/zelb.md\/wp-content\/uploads\/2019\/12\/20191207-_m4_7764-1024x683.jpg 1024w, https:\/\/zelb.md\/wp-content\/uploads\/2019\/12\/20191207-_m4_7764-300x200.jpg 300w, https:\/\/zelb.md\/wp-content\/uploads\/2019\/12\/20191207-_m4_7764-768x512.jpg 768w, https:\/\/zelb.md\/wp-content\/uploads\/2019\/12\/20191207-_m4_7764-1320x880.jpg 1320w, https:\/\/zelb.md\/wp-content\/uploads\/2019\/12\/20191207-_m4_7764.jpg 1600w\" sizes=\"auto, (max-width: 900px) 100vw, 900px\" \/><\/a>\n\t\t\t<\/dt><\/dl><dl class='gallery-item'>\n\t\t\t<dt class='gallery-icon landscape'>\n\t\t\t\t<a href='https:\/\/zelb.md\/wp-content\/uploads\/2019\/12\/20191207-_m4_7777.jpg'><img loading=\"lazy\" decoding=\"async\" width=\"900\" height=\"600\" src=\"https:\/\/zelb.md\/wp-content\/uploads\/2019\/12\/20191207-_m4_7777-1024x683.jpg\" class=\"attachment-large size-large\" alt=\"\" srcset=\"https:\/\/zelb.md\/wp-content\/uploads\/2019\/12\/20191207-_m4_7777-1024x683.jpg 1024w, https:\/\/zelb.md\/wp-content\/uploads\/2019\/12\/20191207-_m4_7777-300x200.jpg 300w, https:\/\/zelb.md\/wp-content\/uploads\/2019\/12\/20191207-_m4_7777-768x512.jpg 768w, https:\/\/zelb.md\/wp-content\/uploads\/2019\/12\/20191207-_m4_7777-1320x880.jpg 1320w, https:\/\/zelb.md\/wp-content\/uploads\/2019\/12\/20191207-_m4_7777.jpg 1600w\" sizes=\"auto, (max-width: 900px) 100vw, 900px\" \/><\/a>\n\t\t\t<\/dt><\/dl><br style=\"clear: both\" \/>\n\t\t<\/div>\n\n","protected":false},"excerpt":{"rendered":"<p>Aflat la Zona Economic\u0103 Liber\u0103 B\u0103l\u021bi, premierul Ion Chicu a vizitat fabricile de producere a dou\u0103 companii rezidente: Dr\u00e4xlmaier, cu investi\u021bii germane, \u0219i Gebauer &amp; Griller \u2013 cu capital austriac. Ambele \u00eentreprinderi sunt produc\u0103toare de cablaje industriale. Compania Dr\u00e4xlmaier este cel mai mare investitor \u00een ZEL B\u0103l\u021bi \u0219i este specializat\u0103 \u00een producerea cablajelor auto pentru [&hellip;]<\/p>\n","protected":false},"author":8,"featured_media":3560,"comment_status":"closed","ping_status":"open","sticky":false,"template":"","format":"standard","meta":{"footnotes":""},"categories":[75],"tags":[],"class_list":["post-3837","post","type-post","status-publish","format-standard","has-post-thumbnail","hentry","category-stiri-en"],"yoast_head":"<!-- This site is optimized with the Yoast SEO plugin v26.6 - https:\/\/yoast.com\/wordpress\/plugins\/seo\/ -->\n<title>Premierul, la ZEL B\u0103l\u021bi: \u201eGuvernul este dispus s\u0103 creeze condi\u021bii favorabile pentru atragerea investitorilor. \u0218tim ce trebuie de f\u0103cut\u201d - ZELB<\/title>\n<meta name=\"robots\" content=\"index, follow, max-snippet:-1, max-image-preview:large, max-video-preview:-1\" \/>\n<link rel=\"canonical\" href=\"https:\/\/zelb.md\/en\/2019\/12\/07\/premierul-la-zel-balti-guvernul-este-dispus-sa-creeze-conditii-favorabile-pentru-atragerea-investitorilor-stim-ce-trebuie-de-facut\/\" \/>\n<meta property=\"og:locale\" content=\"en_US\" \/>\n<meta property=\"og:type\" content=\"article\" \/>\n<meta property=\"og:title\" content=\"Premierul, la ZEL B\u0103l\u021bi: \u201eGuvernul este dispus s\u0103 creeze condi\u021bii favorabile pentru atragerea investitorilor. \u0218tim ce trebuie de f\u0103cut\u201d - ZELB\" \/>\n<meta property=\"og:description\" content=\"Aflat la Zona Economic\u0103 Liber\u0103 B\u0103l\u021bi, premierul Ion Chicu a vizitat fabricile de producere a dou\u0103 companii rezidente: Dr\u00e4xlmaier, cu investi\u021bii germane, \u0219i Gebauer &amp; Griller \u2013 cu capital austriac. Ambele \u00eentreprinderi sunt produc\u0103toare de cablaje industriale. Compania Dr\u00e4xlmaier este cel mai mare investitor \u00een ZEL B\u0103l\u021bi \u0219i este specializat\u0103 \u00een producerea cablajelor auto pentru [&hellip;]\" \/>\n<meta property=\"og:url\" content=\"https:\/\/zelb.md\/en\/2019\/12\/07\/premierul-la-zel-balti-guvernul-este-dispus-sa-creeze-conditii-favorabile-pentru-atragerea-investitorilor-stim-ce-trebuie-de-facut\/\" \/>\n<meta property=\"og:site_name\" content=\"ZELB\" \/>\n<meta property=\"article:publisher\" content=\"https:\/\/www.facebook.com\/zelbalti\/\" \/>\n<meta property=\"article:published_time\" content=\"2019-12-07T14:59:56+00:00\" \/>\n<meta property=\"og:image\" content=\"https:\/\/zelb.md\/wp-content\/uploads\/2019\/12\/20191207-_m3_0518-1024x683.jpg\" \/>\n<meta name=\"author\" content=\"info@zelb.md\" \/>\n<meta name=\"twitter:card\" content=\"summary_large_image\" \/>\n<meta name=\"twitter:label1\" content=\"Written by\" \/>\n\t<meta name=\"twitter:data1\" content=\"info@zelb.md\" \/>\n\t<meta name=\"twitter:label2\" content=\"Est. reading time\" \/>\n\t<meta name=\"twitter:data2\" content=\"2 minutes\" \/>\n<script type=\"application\/ld+json\" class=\"yoast-schema-graph\">{\"@context\":\"https:\/\/schema.org\",\"@graph\":[{\"@type\":\"Article\",\"@id\":\"https:\/\/zelb.md\/en\/2019\/12\/07\/premierul-la-zel-balti-guvernul-este-dispus-sa-creeze-conditii-favorabile-pentru-atragerea-investitorilor-stim-ce-trebuie-de-facut\/#article\",\"isPartOf\":{\"@id\":\"https:\/\/zelb.md\/en\/2019\/12\/07\/premierul-la-zel-balti-guvernul-este-dispus-sa-creeze-conditii-favorabile-pentru-atragerea-investitorilor-stim-ce-trebuie-de-facut\/\"},\"author\":{\"name\":\"info@zelb.md\",\"@id\":\"https:\/\/zelb.md\/#\/schema\/person\/4abdc37546080d574698a0afc03129a4\"},\"headline\":\"Premierul, la ZEL B\u0103l\u021bi: \u201eGuvernul este dispus s\u0103 creeze condi\u021bii favorabile pentru atragerea investitorilor. \u0218tim ce trebuie de f\u0103cut\u201d\",\"datePublished\":\"2019-12-07T14:59:56+00:00\",\"mainEntityOfPage\":{\"@id\":\"https:\/\/zelb.md\/en\/2019\/12\/07\/premierul-la-zel-balti-guvernul-este-dispus-sa-creeze-conditii-favorabile-pentru-atragerea-investitorilor-stim-ce-trebuie-de-facut\/\"},\"wordCount\":334,\"publisher\":{\"@id\":\"https:\/\/zelb.md\/#organization\"},\"image\":{\"@id\":\"https:\/\/zelb.md\/en\/2019\/12\/07\/premierul-la-zel-balti-guvernul-este-dispus-sa-creeze-conditii-favorabile-pentru-atragerea-investitorilor-stim-ce-trebuie-de-facut\/#primaryimage\"},\"thumbnailUrl\":\"https:\/\/zelb.md\/wp-content\/uploads\/2019\/12\/20191207-_m4_7742.jpg\",\"articleSection\":[\"\u015etiri\"],\"inLanguage\":\"en-US\"},{\"@type\":\"WebPage\",\"@id\":\"https:\/\/zelb.md\/en\/2019\/12\/07\/premierul-la-zel-balti-guvernul-este-dispus-sa-creeze-conditii-favorabile-pentru-atragerea-investitorilor-stim-ce-trebuie-de-facut\/\",\"url\":\"https:\/\/zelb.md\/en\/2019\/12\/07\/premierul-la-zel-balti-guvernul-este-dispus-sa-creeze-conditii-favorabile-pentru-atragerea-investitorilor-stim-ce-trebuie-de-facut\/\",\"name\":\"Premierul, la ZEL B\u0103l\u021bi: \u201eGuvernul este dispus s\u0103 creeze condi\u021bii favorabile pentru atragerea investitorilor. \u0218tim ce trebuie de f\u0103cut\u201d - ZELB\",\"isPartOf\":{\"@id\":\"https:\/\/zelb.md\/#website\"},\"primaryImageOfPage\":{\"@id\":\"https:\/\/zelb.md\/en\/2019\/12\/07\/premierul-la-zel-balti-guvernul-este-dispus-sa-creeze-conditii-favorabile-pentru-atragerea-investitorilor-stim-ce-trebuie-de-facut\/#primaryimage\"},\"image\":{\"@id\":\"https:\/\/zelb.md\/en\/2019\/12\/07\/premierul-la-zel-balti-guvernul-este-dispus-sa-creeze-conditii-favorabile-pentru-atragerea-investitorilor-stim-ce-trebuie-de-facut\/#primaryimage\"},\"thumbnailUrl\":\"https:\/\/zelb.md\/wp-content\/uploads\/2019\/12\/20191207-_m4_7742.jpg\",\"datePublished\":\"2019-12-07T14:59:56+00:00\",\"breadcrumb\":{\"@id\":\"https:\/\/zelb.md\/en\/2019\/12\/07\/premierul-la-zel-balti-guvernul-este-dispus-sa-creeze-conditii-favorabile-pentru-atragerea-investitorilor-stim-ce-trebuie-de-facut\/#breadcrumb\"},\"inLanguage\":\"en-US\",\"potentialAction\":[{\"@type\":\"ReadAction\",\"target\":[\"https:\/\/zelb.md\/en\/2019\/12\/07\/premierul-la-zel-balti-guvernul-este-dispus-sa-creeze-conditii-favorabile-pentru-atragerea-investitorilor-stim-ce-trebuie-de-facut\/\"]}]},{\"@type\":\"ImageObject\",\"inLanguage\":\"en-US\",\"@id\":\"https:\/\/zelb.md\/en\/2019\/12\/07\/premierul-la-zel-balti-guvernul-este-dispus-sa-creeze-conditii-favorabile-pentru-atragerea-investitorilor-stim-ce-trebuie-de-facut\/#primaryimage\",\"url\":\"https:\/\/zelb.md\/wp-content\/uploads\/2019\/12\/20191207-_m4_7742.jpg\",\"contentUrl\":\"https:\/\/zelb.md\/wp-content\/uploads\/2019\/12\/20191207-_m4_7742.jpg\",\"width\":1600,\"height\":1067},{\"@type\":\"BreadcrumbList\",\"@id\":\"https:\/\/zelb.md\/en\/2019\/12\/07\/premierul-la-zel-balti-guvernul-este-dispus-sa-creeze-conditii-favorabile-pentru-atragerea-investitorilor-stim-ce-trebuie-de-facut\/#breadcrumb\",\"itemListElement\":[{\"@type\":\"ListItem\",\"position\":1,\"name\":\"Prima pagin\u0103\",\"item\":\"https:\/\/zelb.md\/en\/\"},{\"@type\":\"ListItem\",\"position\":2,\"name\":\"Premierul, la ZEL B\u0103l\u021bi: \u201eGuvernul este dispus s\u0103 creeze condi\u021bii favorabile pentru atragerea investitorilor. \u0218tim ce trebuie de f\u0103cut\u201d\"}]},{\"@type\":\"WebSite\",\"@id\":\"https:\/\/zelb.md\/#website\",\"url\":\"https:\/\/zelb.md\/\",\"name\":\"ZELB\",\"description\":\"Zona Economic\u0103 Liber\u0103 B\u0103l\u0163i\",\"publisher\":{\"@id\":\"https:\/\/zelb.md\/#organization\"},\"potentialAction\":[{\"@type\":\"SearchAction\",\"target\":{\"@type\":\"EntryPoint\",\"urlTemplate\":\"https:\/\/zelb.md\/?s={search_term_string}\"},\"query-input\":{\"@type\":\"PropertyValueSpecification\",\"valueRequired\":true,\"valueName\":\"search_term_string\"}}],\"inLanguage\":\"en-US\"},{\"@type\":\"Organization\",\"@id\":\"https:\/\/zelb.md\/#organization\",\"name\":\"ZELB\",\"url\":\"https:\/\/zelb.md\/\",\"logo\":{\"@type\":\"ImageObject\",\"inLanguage\":\"en-US\",\"@id\":\"https:\/\/zelb.md\/#\/schema\/logo\/image\/\",\"url\":\"https:\/\/zelb.md\/wp-content\/uploads\/2018\/06\/zelb-logo-8-ani.png\",\"contentUrl\":\"https:\/\/zelb.md\/wp-content\/uploads\/2018\/06\/zelb-logo-8-ani.png\",\"width\":255,\"height\":105,\"caption\":\"ZELB\"},\"image\":{\"@id\":\"https:\/\/zelb.md\/#\/schema\/logo\/image\/\"},\"sameAs\":[\"https:\/\/www.facebook.com\/zelbalti\/\"]},{\"@type\":\"Person\",\"@id\":\"https:\/\/zelb.md\/#\/schema\/person\/4abdc37546080d574698a0afc03129a4\",\"name\":\"info@zelb.md\",\"image\":{\"@type\":\"ImageObject\",\"inLanguage\":\"en-US\",\"@id\":\"https:\/\/zelb.md\/#\/schema\/person\/image\/\",\"url\":\"https:\/\/secure.gravatar.com\/avatar\/2193cf92b2c4f6991fa6e47baea91bfc?s=96&d=mm&r=g\",\"contentUrl\":\"https:\/\/secure.gravatar.com\/avatar\/2193cf92b2c4f6991fa6e47baea91bfc?s=96&d=mm&r=g\",\"caption\":\"info@zelb.md\"},\"url\":\"https:\/\/zelb.md\/en\/author\/infozelb-md\/\"}]}<\/script>\n<!-- \/ Yoast SEO plugin. -->","yoast_head_json":{"title":"Premierul, la ZEL B\u0103l\u021bi: \u201eGuvernul este dispus s\u0103 creeze condi\u021bii favorabile pentru atragerea investitorilor. \u0218tim ce trebuie de f\u0103cut\u201d - ZELB","robots":{"index":"index","follow":"follow","max-snippet":"max-snippet:-1","max-image-preview":"max-image-preview:large","max-video-preview":"max-video-preview:-1"},"canonical":"https:\/\/zelb.md\/en\/2019\/12\/07\/premierul-la-zel-balti-guvernul-este-dispus-sa-creeze-conditii-favorabile-pentru-atragerea-investitorilor-stim-ce-trebuie-de-facut\/","og_locale":"en_US","og_type":"article","og_title":"Premierul, la ZEL B\u0103l\u021bi: \u201eGuvernul este dispus s\u0103 creeze condi\u021bii favorabile pentru atragerea investitorilor. \u0218tim ce trebuie de f\u0103cut\u201d - ZELB","og_description":"Aflat la Zona Economic\u0103 Liber\u0103 B\u0103l\u021bi, premierul Ion Chicu a vizitat fabricile de producere a dou\u0103 companii rezidente: Dr\u00e4xlmaier, cu investi\u021bii germane, \u0219i Gebauer &amp; Griller \u2013 cu capital austriac. Ambele \u00eentreprinderi sunt produc\u0103toare de cablaje industriale. Compania Dr\u00e4xlmaier este cel mai mare investitor \u00een ZEL B\u0103l\u021bi \u0219i este specializat\u0103 \u00een producerea cablajelor auto pentru [&hellip;]","og_url":"https:\/\/zelb.md\/en\/2019\/12\/07\/premierul-la-zel-balti-guvernul-este-dispus-sa-creeze-conditii-favorabile-pentru-atragerea-investitorilor-stim-ce-trebuie-de-facut\/","og_site_name":"ZELB","article_publisher":"https:\/\/www.facebook.com\/zelbalti\/","article_published_time":"2019-12-07T14:59:56+00:00","og_image":[{"url":"https:\/\/zelb.md\/wp-content\/uploads\/2019\/12\/20191207-_m3_0518-1024x683.jpg","type":"","width":"","height":""}],"author":"info@zelb.md","twitter_card":"summary_large_image","twitter_misc":{"Written by":"info@zelb.md","Est. reading time":"2 minutes"},"schema":{"@context":"https:\/\/schema.org","@graph":[{"@type":"Article","@id":"https:\/\/zelb.md\/en\/2019\/12\/07\/premierul-la-zel-balti-guvernul-este-dispus-sa-creeze-conditii-favorabile-pentru-atragerea-investitorilor-stim-ce-trebuie-de-facut\/#article","isPartOf":{"@id":"https:\/\/zelb.md\/en\/2019\/12\/07\/premierul-la-zel-balti-guvernul-este-dispus-sa-creeze-conditii-favorabile-pentru-atragerea-investitorilor-stim-ce-trebuie-de-facut\/"},"author":{"name":"info@zelb.md","@id":"https:\/\/zelb.md\/#\/schema\/person\/4abdc37546080d574698a0afc03129a4"},"headline":"Premierul, la ZEL B\u0103l\u021bi: \u201eGuvernul este dispus s\u0103 creeze condi\u021bii favorabile pentru atragerea investitorilor. \u0218tim ce trebuie de f\u0103cut\u201d","datePublished":"2019-12-07T14:59:56+00:00","mainEntityOfPage":{"@id":"https:\/\/zelb.md\/en\/2019\/12\/07\/premierul-la-zel-balti-guvernul-este-dispus-sa-creeze-conditii-favorabile-pentru-atragerea-investitorilor-stim-ce-trebuie-de-facut\/"},"wordCount":334,"publisher":{"@id":"https:\/\/zelb.md\/#organization"},"image":{"@id":"https:\/\/zelb.md\/en\/2019\/12\/07\/premierul-la-zel-balti-guvernul-este-dispus-sa-creeze-conditii-favorabile-pentru-atragerea-investitorilor-stim-ce-trebuie-de-facut\/#primaryimage"},"thumbnailUrl":"https:\/\/zelb.md\/wp-content\/uploads\/2019\/12\/20191207-_m4_7742.jpg","articleSection":["\u015etiri"],"inLanguage":"en-US"},{"@type":"WebPage","@id":"https:\/\/zelb.md\/en\/2019\/12\/07\/premierul-la-zel-balti-guvernul-este-dispus-sa-creeze-conditii-favorabile-pentru-atragerea-investitorilor-stim-ce-trebuie-de-facut\/","url":"https:\/\/zelb.md\/en\/2019\/12\/07\/premierul-la-zel-balti-guvernul-este-dispus-sa-creeze-conditii-favorabile-pentru-atragerea-investitorilor-stim-ce-trebuie-de-facut\/","name":"Premierul, la ZEL B\u0103l\u021bi: \u201eGuvernul este dispus s\u0103 creeze condi\u021bii favorabile pentru atragerea investitorilor. \u0218tim ce trebuie de f\u0103cut\u201d - ZELB","isPartOf":{"@id":"https:\/\/zelb.md\/#website"},"primaryImageOfPage":{"@id":"https:\/\/zelb.md\/en\/2019\/12\/07\/premierul-la-zel-balti-guvernul-este-dispus-sa-creeze-conditii-favorabile-pentru-atragerea-investitorilor-stim-ce-trebuie-de-facut\/#primaryimage"},"image":{"@id":"https:\/\/zelb.md\/en\/2019\/12\/07\/premierul-la-zel-balti-guvernul-este-dispus-sa-creeze-conditii-favorabile-pentru-atragerea-investitorilor-stim-ce-trebuie-de-facut\/#primaryimage"},"thumbnailUrl":"https:\/\/zelb.md\/wp-content\/uploads\/2019\/12\/20191207-_m4_7742.jpg","datePublished":"2019-12-07T14:59:56+00:00","breadcrumb":{"@id":"https:\/\/zelb.md\/en\/2019\/12\/07\/premierul-la-zel-balti-guvernul-este-dispus-sa-creeze-conditii-favorabile-pentru-atragerea-investitorilor-stim-ce-trebuie-de-facut\/#breadcrumb"},"inLanguage":"en-US","potentialAction":[{"@type":"ReadAction","target":["https:\/\/zelb.md\/en\/2019\/12\/07\/premierul-la-zel-balti-guvernul-este-dispus-sa-creeze-conditii-favorabile-pentru-atragerea-investitorilor-stim-ce-trebuie-de-facut\/"]}]},{"@type":"ImageObject","inLanguage":"en-US","@id":"https:\/\/zelb.md\/en\/2019\/12\/07\/premierul-la-zel-balti-guvernul-este-dispus-sa-creeze-conditii-favorabile-pentru-atragerea-investitorilor-stim-ce-trebuie-de-facut\/#primaryimage","url":"https:\/\/zelb.md\/wp-content\/uploads\/2019\/12\/20191207-_m4_7742.jpg","contentUrl":"https:\/\/zelb.md\/wp-content\/uploads\/2019\/12\/20191207-_m4_7742.jpg","width":1600,"height":1067},{"@type":"BreadcrumbList","@id":"https:\/\/zelb.md\/en\/2019\/12\/07\/premierul-la-zel-balti-guvernul-este-dispus-sa-creeze-conditii-favorabile-pentru-atragerea-investitorilor-stim-ce-trebuie-de-facut\/#breadcrumb","itemListElement":[{"@type":"ListItem","position":1,"name":"Prima pagin\u0103","item":"https:\/\/zelb.md\/en\/"},{"@type":"ListItem","position":2,"name":"Premierul, la ZEL B\u0103l\u021bi: \u201eGuvernul este dispus s\u0103 creeze condi\u021bii favorabile pentru atragerea investitorilor. \u0218tim ce trebuie de f\u0103cut\u201d"}]},{"@type":"WebSite","@id":"https:\/\/zelb.md\/#website","url":"https:\/\/zelb.md\/","name":"ZELB","description":"Zona Economic\u0103 Liber\u0103 B\u0103l\u0163i","publisher":{"@id":"https:\/\/zelb.md\/#organization"},"potentialAction":[{"@type":"SearchAction","target":{"@type":"EntryPoint","urlTemplate":"https:\/\/zelb.md\/?s={search_term_string}"},"query-input":{"@type":"PropertyValueSpecification","valueRequired":true,"valueName":"search_term_string"}}],"inLanguage":"en-US"},{"@type":"Organization","@id":"https:\/\/zelb.md\/#organization","name":"ZELB","url":"https:\/\/zelb.md\/","logo":{"@type":"ImageObject","inLanguage":"en-US","@id":"https:\/\/zelb.md\/#\/schema\/logo\/image\/","url":"https:\/\/zelb.md\/wp-content\/uploads\/2018\/06\/zelb-logo-8-ani.png","contentUrl":"https:\/\/zelb.md\/wp-content\/uploads\/2018\/06\/zelb-logo-8-ani.png","width":255,"height":105,"caption":"ZELB"},"image":{"@id":"https:\/\/zelb.md\/#\/schema\/logo\/image\/"},"sameAs":["https:\/\/www.facebook.com\/zelbalti\/"]},{"@type":"Person","@id":"https:\/\/zelb.md\/#\/schema\/person\/4abdc37546080d574698a0afc03129a4","name":"info@zelb.md","image":{"@type":"ImageObject","inLanguage":"en-US","@id":"https:\/\/zelb.md\/#\/schema\/person\/image\/","url":"https:\/\/secure.gravatar.com\/avatar\/2193cf92b2c4f6991fa6e47baea91bfc?s=96&d=mm&r=g","contentUrl":"https:\/\/secure.gravatar.com\/avatar\/2193cf92b2c4f6991fa6e47baea91bfc?s=96&d=mm&r=g","caption":"info@zelb.md"},"url":"https:\/\/zelb.md\/en\/author\/infozelb-md\/"}]}},"_links":{"self":[{"href":"https:\/\/zelb.md\/en\/wp-json\/wp\/v2\/posts\/3837","targetHints":{"allow":["GET"]}}],"collection":[{"href":"https:\/\/zelb.md\/en\/wp-json\/wp\/v2\/posts"}],"about":[{"href":"https:\/\/zelb.md\/en\/wp-json\/wp\/v2\/types\/post"}],"author":[{"embeddable":true,"href":"https:\/\/zelb.md\/en\/wp-json\/wp\/v2\/users\/8"}],"replies":[{"embeddable":true,"href":"https:\/\/zelb.md\/en\/wp-json\/wp\/v2\/comments?post=3837"}],"version-history":[{"count":0,"href":"https:\/\/zelb.md\/en\/wp-json\/wp\/v2\/posts\/3837\/revisions"}],"wp:featuredmedia":[{"embeddable":true,"href":"https:\/\/zelb.md\/en\/wp-json\/wp\/v2\/media\/3560"}],"wp:attachment":[{"href":"https:\/\/zelb.md\/en\/wp-json\/wp\/v2\/media?parent=3837"}],"wp:term":[{"taxonomy":"category","embeddable":true,"href":"https:\/\/zelb.md\/en\/wp-json\/wp\/v2\/categories?post=3837"},{"taxonomy":"post_tag","embeddable":true,"href":"https:\/\/zelb.md\/en\/wp-json\/wp\/v2\/tags?post=3837"}],"curies":[{"name":"wp","href":"https:\/\/api.w.org\/{rel}","templated":true}]}}