{"id":3777,"date":"2021-12-01T21:14:55","date_gmt":"2021-12-01T19:14:55","guid":{"rendered":"https:\/\/zelb.md\/2021\/12\/01\/expert-in-elaborarea-curricula\/"},"modified":"2021-12-01T21:14:55","modified_gmt":"2021-12-01T19:14:55","slug":"expert-in-elaborarea-curricula","status":"publish","type":"post","link":"https:\/\/zelb.md\/en\/2021\/12\/01\/expert-in-elaborarea-curricula\/","title":{"rendered":"Expert in elaborarea Curricula"},"content":{"rendered":"<p><strong>Concurs pentru suplinirea func\u021biei de expert <\/strong><strong>\u00een elaborarea Curricula <\/strong><strong>\u00een cadrul proiectului \u201cCentrul de instruire inter-companii\u201d implementat de GIZ (Agen<\/strong><strong>\u021bia pentru cooperare interna\u021bional\u0103 a Germaniei<\/strong><strong>) \u0219i finan\u021bat de BMZ (Ministerul Federal pentru Cooperare \u0219i Dezvoltare al Germaniei)<\/strong><\/p>\n<p>Administra\u021bia Zonei Economice Libere \u201eB\u0103l\u021bi\u201d anun\u021b\u0103 concurs pentru suplinirea func\u021biei de expert \u00een elaborarea Curricula \u00een cadrul proiectului \u201cCentrul de instruire inter-companii\u201d. Durata acordului: decembrie 2021-iunie 2022 cu posibilitatea de prelungire.<\/p>\n<p><strong>Responsibilit\u0103\u021bi:<\/strong><\/p>\n<ul>\n<li>Expertul va participa la elaborarea Curricula pentru formarea adul\u021bilor la urm\u0103toarele discipline:<\/li>\n<\/ul>\n<ol>\n<li>Turnarea prin injec\u021bie<\/li>\n<li>Prelucrarea metalelor la ma\u0219inile cu comand\u0103 numeric\u0103<\/li>\n<\/ol>\n<ul>\n<li>Programele \u0219i Curricula vor fi compuse din: con\u0163inutul propriu-zis al unit\u0103\u0163ilor de<\/li>\n<\/ul>\n<p>\u00eenv\u0103\u0163are, recomand\u0103ri metodice pentru lucrul individual al studentului, lista bibliografic\u0103, teste de evaluare\/autoevaluare, list\u0103 de tematici pentru referate\/proiecte de cercetare, problemar\/ exerci\u0163ii, mostre de rezolvare a problemelor\/exerci\u0163iilor etc.<\/p>\n<ul>\n<li>Experul va lua \u00een considerare recomand\u0103rile Ministerului Educa\u021biei \u0219i Cercet\u0103rii al republicii Moldova, precum \u0219i ANACEC \u00een elaborarea programelor \u0219i Curricula.<\/li>\n<li>Expertul va prezenta list\u0103 bibliografic\u0103 folosit\u0103 \u0219i va ac\u021biona \u00een conformitate cu regulile anti-plagiat.<\/li>\n<\/ul>\n<p><strong>Condi\u021bii \u0219i Cerin\u021be:<\/strong><br \/>\n\u00b7 Studii superioare \u00een pedagogie profesional-tehnic\u0103, tehnologii sau alte domenii conexe;<br \/>\n\u00b7 Experien\u0163\u0103 \u00een elaborarea Curricula pentru formarea adul\u021bilor;<br \/>\n\u00b7 Capacit\u0103\u021bi de \u00een\u021belegere a solicit\u0103rilor \u0219i structurii programelor de formare continua pentru adul\u021bi;<br \/>\n\u00b7 Abilit\u0103\u021bi de comunicare, de luare a deciziilor, de sintez\u0103 \u0219i evaluare a informa\u021biilor;<br \/>\n\u00b7 Spirit de echip\u0103;<br \/>\n\u00b7 Seriozitate, responsabilitate, promtitudine;<br \/>\n\u00b7 Utilizarea calculatorului la nivel avansat (Word, Excel, Internet Explorer);<br \/>\n\u00b7 Locul de munc\u0103: Miori\u021ba 5\/Spr\u00e2ncenoaia 1 sau la distan\u021b\u0103;<\/p>\n<p><strong>Beneficii oferite:<\/strong><br \/>\n\u00b7 Onorariu pe zi la prezentarea Time-Sheet-ului \u0219i a invoice-ului;<br \/>\n\u00b7 Pachet social;<br \/>\n\u00b7 Mediu de lucru profesional;<\/p>\n<p>Persoanele interesate pot expedia CV-ul cu men\u021bionarea pe plic a pozi\u021biei la care aplic\u0103 la adresa: Spr\u00e2ncenoaia 1, Chi\u0219in\u0103u, Republica Moldova, MD-2028.<\/p>\n<p>Termen limit\u0103: 05 decembrie 2021, ora 16:00<\/p>\n","protected":false},"excerpt":{"rendered":"<p>Concurs pentru suplinirea func\u021biei de expert \u00een elaborarea Curricula \u00een cadrul proiectului \u201cCentrul de instruire inter-companii\u201d implementat de GIZ (Agen\u021bia pentru cooperare interna\u021bional\u0103 a Germaniei) \u0219i finan\u021bat de BMZ (Ministerul Federal pentru Cooperare \u0219i Dezvoltare al Germaniei) Administra\u021bia Zonei Economice Libere \u201eB\u0103l\u021bi\u201d anun\u021b\u0103 concurs pentru suplinirea func\u021biei de expert \u00een elaborarea Curricula \u00een cadrul proiectului [&hellip;]<\/p>\n","protected":false},"author":8,"featured_media":0,"comment_status":"closed","ping_status":"open","sticky":false,"template":"","format":"standard","meta":{"footnotes":""},"categories":[76],"tags":[],"class_list":["post-3777","post","type-post","status-publish","format-standard","hentry","category-job-en"],"yoast_head":"<!-- This site is optimized with the Yoast SEO plugin v26.6 - https:\/\/yoast.com\/wordpress\/plugins\/seo\/ -->\n<title>Expert in elaborarea Curricula - ZELB<\/title>\n<meta name=\"robots\" content=\"index, follow, max-snippet:-1, max-image-preview:large, max-video-preview:-1\" \/>\n<link rel=\"canonical\" href=\"https:\/\/zelb.md\/en\/2021\/12\/01\/expert-in-elaborarea-curricula\/\" \/>\n<meta property=\"og:locale\" content=\"en_US\" \/>\n<meta property=\"og:type\" content=\"article\" \/>\n<meta property=\"og:title\" content=\"Expert in elaborarea Curricula - ZELB\" \/>\n<meta property=\"og:description\" content=\"Concurs pentru suplinirea func\u021biei de expert \u00een elaborarea Curricula \u00een cadrul proiectului \u201cCentrul de instruire inter-companii\u201d implementat de GIZ (Agen\u021bia pentru cooperare interna\u021bional\u0103 a Germaniei) \u0219i finan\u021bat de BMZ (Ministerul Federal pentru Cooperare \u0219i Dezvoltare al Germaniei) Administra\u021bia Zonei Economice Libere \u201eB\u0103l\u021bi\u201d anun\u021b\u0103 concurs pentru suplinirea func\u021biei de expert \u00een elaborarea Curricula \u00een cadrul proiectului [&hellip;]\" \/>\n<meta property=\"og:url\" content=\"https:\/\/zelb.md\/en\/2021\/12\/01\/expert-in-elaborarea-curricula\/\" \/>\n<meta property=\"og:site_name\" content=\"ZELB\" \/>\n<meta property=\"article:publisher\" content=\"https:\/\/www.facebook.com\/zelbalti\/\" \/>\n<meta property=\"article:published_time\" content=\"2021-12-01T19:14:55+00:00\" \/>\n<meta name=\"author\" content=\"info@zelb.md\" \/>\n<meta name=\"twitter:card\" content=\"summary_large_image\" \/>\n<meta name=\"twitter:label1\" content=\"Written by\" \/>\n\t<meta name=\"twitter:data1\" content=\"info@zelb.md\" \/>\n\t<meta name=\"twitter:label2\" content=\"Est. reading time\" \/>\n\t<meta name=\"twitter:data2\" content=\"2 minutes\" \/>\n<script type=\"application\/ld+json\" class=\"yoast-schema-graph\">{\"@context\":\"https:\/\/schema.org\",\"@graph\":[{\"@type\":\"Article\",\"@id\":\"https:\/\/zelb.md\/en\/2021\/12\/01\/expert-in-elaborarea-curricula\/#article\",\"isPartOf\":{\"@id\":\"https:\/\/zelb.md\/en\/2021\/12\/01\/expert-in-elaborarea-curricula\/\"},\"author\":{\"name\":\"info@zelb.md\",\"@id\":\"https:\/\/zelb.md\/#\/schema\/person\/4abdc37546080d574698a0afc03129a4\"},\"headline\":\"Expert in elaborarea Curricula\",\"datePublished\":\"2021-12-01T19:14:55+00:00\",\"mainEntityOfPage\":{\"@id\":\"https:\/\/zelb.md\/en\/2021\/12\/01\/expert-in-elaborarea-curricula\/\"},\"wordCount\":322,\"publisher\":{\"@id\":\"https:\/\/zelb.md\/#organization\"},\"articleSection\":[\"job\"],\"inLanguage\":\"en-US\"},{\"@type\":\"WebPage\",\"@id\":\"https:\/\/zelb.md\/en\/2021\/12\/01\/expert-in-elaborarea-curricula\/\",\"url\":\"https:\/\/zelb.md\/en\/2021\/12\/01\/expert-in-elaborarea-curricula\/\",\"name\":\"Expert in elaborarea Curricula - ZELB\",\"isPartOf\":{\"@id\":\"https:\/\/zelb.md\/#website\"},\"datePublished\":\"2021-12-01T19:14:55+00:00\",\"breadcrumb\":{\"@id\":\"https:\/\/zelb.md\/en\/2021\/12\/01\/expert-in-elaborarea-curricula\/#breadcrumb\"},\"inLanguage\":\"en-US\",\"potentialAction\":[{\"@type\":\"ReadAction\",\"target\":[\"https:\/\/zelb.md\/en\/2021\/12\/01\/expert-in-elaborarea-curricula\/\"]}]},{\"@type\":\"BreadcrumbList\",\"@id\":\"https:\/\/zelb.md\/en\/2021\/12\/01\/expert-in-elaborarea-curricula\/#breadcrumb\",\"itemListElement\":[{\"@type\":\"ListItem\",\"position\":1,\"name\":\"Prima pagin\u0103\",\"item\":\"https:\/\/zelb.md\/en\/\"},{\"@type\":\"ListItem\",\"position\":2,\"name\":\"Expert in elaborarea Curricula\"}]},{\"@type\":\"WebSite\",\"@id\":\"https:\/\/zelb.md\/#website\",\"url\":\"https:\/\/zelb.md\/\",\"name\":\"ZELB\",\"description\":\"Zona Economic\u0103 Liber\u0103 B\u0103l\u0163i\",\"publisher\":{\"@id\":\"https:\/\/zelb.md\/#organization\"},\"potentialAction\":[{\"@type\":\"SearchAction\",\"target\":{\"@type\":\"EntryPoint\",\"urlTemplate\":\"https:\/\/zelb.md\/?s={search_term_string}\"},\"query-input\":{\"@type\":\"PropertyValueSpecification\",\"valueRequired\":true,\"valueName\":\"search_term_string\"}}],\"inLanguage\":\"en-US\"},{\"@type\":\"Organization\",\"@id\":\"https:\/\/zelb.md\/#organization\",\"name\":\"ZELB\",\"url\":\"https:\/\/zelb.md\/\",\"logo\":{\"@type\":\"ImageObject\",\"inLanguage\":\"en-US\",\"@id\":\"https:\/\/zelb.md\/#\/schema\/logo\/image\/\",\"url\":\"https:\/\/zelb.md\/wp-content\/uploads\/2018\/06\/zelb-logo-8-ani.png\",\"contentUrl\":\"https:\/\/zelb.md\/wp-content\/uploads\/2018\/06\/zelb-logo-8-ani.png\",\"width\":255,\"height\":105,\"caption\":\"ZELB\"},\"image\":{\"@id\":\"https:\/\/zelb.md\/#\/schema\/logo\/image\/\"},\"sameAs\":[\"https:\/\/www.facebook.com\/zelbalti\/\"]},{\"@type\":\"Person\",\"@id\":\"https:\/\/zelb.md\/#\/schema\/person\/4abdc37546080d574698a0afc03129a4\",\"name\":\"info@zelb.md\",\"image\":{\"@type\":\"ImageObject\",\"inLanguage\":\"en-US\",\"@id\":\"https:\/\/zelb.md\/#\/schema\/person\/image\/\",\"url\":\"https:\/\/secure.gravatar.com\/avatar\/2193cf92b2c4f6991fa6e47baea91bfc?s=96&d=mm&r=g\",\"contentUrl\":\"https:\/\/secure.gravatar.com\/avatar\/2193cf92b2c4f6991fa6e47baea91bfc?s=96&d=mm&r=g\",\"caption\":\"info@zelb.md\"},\"url\":\"https:\/\/zelb.md\/en\/author\/infozelb-md\/\"}]}<\/script>\n<!-- \/ Yoast SEO plugin. -->","yoast_head_json":{"title":"Expert in elaborarea Curricula - ZELB","robots":{"index":"index","follow":"follow","max-snippet":"max-snippet:-1","max-image-preview":"max-image-preview:large","max-video-preview":"max-video-preview:-1"},"canonical":"https:\/\/zelb.md\/en\/2021\/12\/01\/expert-in-elaborarea-curricula\/","og_locale":"en_US","og_type":"article","og_title":"Expert in elaborarea Curricula - ZELB","og_description":"Concurs pentru suplinirea func\u021biei de expert \u00een elaborarea Curricula \u00een cadrul proiectului \u201cCentrul de instruire inter-companii\u201d implementat de GIZ (Agen\u021bia pentru cooperare interna\u021bional\u0103 a Germaniei) \u0219i finan\u021bat de BMZ (Ministerul Federal pentru Cooperare \u0219i Dezvoltare al Germaniei) Administra\u021bia Zonei Economice Libere \u201eB\u0103l\u021bi\u201d anun\u021b\u0103 concurs pentru suplinirea func\u021biei de expert \u00een elaborarea Curricula \u00een cadrul proiectului [&hellip;]","og_url":"https:\/\/zelb.md\/en\/2021\/12\/01\/expert-in-elaborarea-curricula\/","og_site_name":"ZELB","article_publisher":"https:\/\/www.facebook.com\/zelbalti\/","article_published_time":"2021-12-01T19:14:55+00:00","author":"info@zelb.md","twitter_card":"summary_large_image","twitter_misc":{"Written by":"info@zelb.md","Est. reading time":"2 minutes"},"schema":{"@context":"https:\/\/schema.org","@graph":[{"@type":"Article","@id":"https:\/\/zelb.md\/en\/2021\/12\/01\/expert-in-elaborarea-curricula\/#article","isPartOf":{"@id":"https:\/\/zelb.md\/en\/2021\/12\/01\/expert-in-elaborarea-curricula\/"},"author":{"name":"info@zelb.md","@id":"https:\/\/zelb.md\/#\/schema\/person\/4abdc37546080d574698a0afc03129a4"},"headline":"Expert in elaborarea Curricula","datePublished":"2021-12-01T19:14:55+00:00","mainEntityOfPage":{"@id":"https:\/\/zelb.md\/en\/2021\/12\/01\/expert-in-elaborarea-curricula\/"},"wordCount":322,"publisher":{"@id":"https:\/\/zelb.md\/#organization"},"articleSection":["job"],"inLanguage":"en-US"},{"@type":"WebPage","@id":"https:\/\/zelb.md\/en\/2021\/12\/01\/expert-in-elaborarea-curricula\/","url":"https:\/\/zelb.md\/en\/2021\/12\/01\/expert-in-elaborarea-curricula\/","name":"Expert in elaborarea Curricula - ZELB","isPartOf":{"@id":"https:\/\/zelb.md\/#website"},"datePublished":"2021-12-01T19:14:55+00:00","breadcrumb":{"@id":"https:\/\/zelb.md\/en\/2021\/12\/01\/expert-in-elaborarea-curricula\/#breadcrumb"},"inLanguage":"en-US","potentialAction":[{"@type":"ReadAction","target":["https:\/\/zelb.md\/en\/2021\/12\/01\/expert-in-elaborarea-curricula\/"]}]},{"@type":"BreadcrumbList","@id":"https:\/\/zelb.md\/en\/2021\/12\/01\/expert-in-elaborarea-curricula\/#breadcrumb","itemListElement":[{"@type":"ListItem","position":1,"name":"Prima pagin\u0103","item":"https:\/\/zelb.md\/en\/"},{"@type":"ListItem","position":2,"name":"Expert in elaborarea Curricula"}]},{"@type":"WebSite","@id":"https:\/\/zelb.md\/#website","url":"https:\/\/zelb.md\/","name":"ZELB","description":"Zona Economic\u0103 Liber\u0103 B\u0103l\u0163i","publisher":{"@id":"https:\/\/zelb.md\/#organization"},"potentialAction":[{"@type":"SearchAction","target":{"@type":"EntryPoint","urlTemplate":"https:\/\/zelb.md\/?s={search_term_string}"},"query-input":{"@type":"PropertyValueSpecification","valueRequired":true,"valueName":"search_term_string"}}],"inLanguage":"en-US"},{"@type":"Organization","@id":"https:\/\/zelb.md\/#organization","name":"ZELB","url":"https:\/\/zelb.md\/","logo":{"@type":"ImageObject","inLanguage":"en-US","@id":"https:\/\/zelb.md\/#\/schema\/logo\/image\/","url":"https:\/\/zelb.md\/wp-content\/uploads\/2018\/06\/zelb-logo-8-ani.png","contentUrl":"https:\/\/zelb.md\/wp-content\/uploads\/2018\/06\/zelb-logo-8-ani.png","width":255,"height":105,"caption":"ZELB"},"image":{"@id":"https:\/\/zelb.md\/#\/schema\/logo\/image\/"},"sameAs":["https:\/\/www.facebook.com\/zelbalti\/"]},{"@type":"Person","@id":"https:\/\/zelb.md\/#\/schema\/person\/4abdc37546080d574698a0afc03129a4","name":"info@zelb.md","image":{"@type":"ImageObject","inLanguage":"en-US","@id":"https:\/\/zelb.md\/#\/schema\/person\/image\/","url":"https:\/\/secure.gravatar.com\/avatar\/2193cf92b2c4f6991fa6e47baea91bfc?s=96&d=mm&r=g","contentUrl":"https:\/\/secure.gravatar.com\/avatar\/2193cf92b2c4f6991fa6e47baea91bfc?s=96&d=mm&r=g","caption":"info@zelb.md"},"url":"https:\/\/zelb.md\/en\/author\/infozelb-md\/"}]}},"_links":{"self":[{"href":"https:\/\/zelb.md\/en\/wp-json\/wp\/v2\/posts\/3777","targetHints":{"allow":["GET"]}}],"collection":[{"href":"https:\/\/zelb.md\/en\/wp-json\/wp\/v2\/posts"}],"about":[{"href":"https:\/\/zelb.md\/en\/wp-json\/wp\/v2\/types\/post"}],"author":[{"embeddable":true,"href":"https:\/\/zelb.md\/en\/wp-json\/wp\/v2\/users\/8"}],"replies":[{"embeddable":true,"href":"https:\/\/zelb.md\/en\/wp-json\/wp\/v2\/comments?post=3777"}],"version-history":[{"count":0,"href":"https:\/\/zelb.md\/en\/wp-json\/wp\/v2\/posts\/3777\/revisions"}],"wp:attachment":[{"href":"https:\/\/zelb.md\/en\/wp-json\/wp\/v2\/media?parent=3777"}],"wp:term":[{"taxonomy":"category","embeddable":true,"href":"https:\/\/zelb.md\/en\/wp-json\/wp\/v2\/categories?post=3777"},{"taxonomy":"post_tag","embeddable":true,"href":"https:\/\/zelb.md\/en\/wp-json\/wp\/v2\/tags?post=3777"}],"curies":[{"name":"wp","href":"https:\/\/api.w.org\/{rel}","templated":true}]}}